{"id":167592,"date":"2020-08-26T10:27:14","date_gmt":"2020-08-26T13:27:14","guid":{"rendered":"https:\/\/diarioregionaldigital.com.br\/?p=167592"},"modified":"2020-08-26T10:27:14","modified_gmt":"2020-08-26T13:27:14","slug":"estado-acumula-mais-de-200-mil-casos-confirmados-por-covid-19","status":"publish","type":"post","link":"https:\/\/diarioregionaldigital.com.br\/?p=167592","title":{"rendered":"Estado acumula mais de 200 mil casos confirmados por Covid-19"},"content":{"rendered":"<p>O novo\u00a0<a href=\"https:\/\/www.saude.mg.gov.br\/images\/noticias_e_eventos\/000_2020\/Boletins_Corona\/26.08_Boletim-Epidemiologico_COVID-19_.pdf\">boletim epidemiol\u00f3gico<\/a> divulgado nesta quarta-feira (26), pela Secretaria de Estado da Sa\u00fade de Minas Gerais (SES-MG), indica que o estado chegou a marca de 201.973 casos confirmados por Coronav\u00edrus. Al\u00e9m disso, foram registradas mais 101 mortes, totalizando 4.948. O boletim diz que 2.818 v\u00edtimas s\u00e3o do sexo masculino e 2.130 s\u00e3o do feminino. Conforme o levantamento, 165.541 pacientes est\u00e3o recuperados da doen\u00e7a, representando 81,9% dos casos.<\/p>\n<p>De acordo com os dados, 31.484 fazem acompanhamento m\u00e9dico. At\u00e9 ent\u00e3o foram feitos 103.094 testes laboratoriais, sendo que 25.885 deram positivo, 73.921 deram negativo e 1.393 est\u00e3o sob an\u00e1lise. Quanto aos dados de hospitaliza\u00e7\u00e3o, 21.302 pacientes infectados est\u00e3o internados em hospitais e 180.671 fazem isolamento domiciliar.<\/p>\n","protected":false},"excerpt":{"rendered":"<p>O novo\u00a0boletim epidemiol\u00f3gico divulgado nesta quarta-feira (26), pela Secretaria de Estado da Sa\u00fade de Minas Gerais (SES-MG), indica que o estado chegou a marca de 201.973 casos confirmados por Coronav\u00edrus. Al\u00e9m disso, foram registradas mais 101 mortes, totalizando 4.948. O boletim diz que 2.818 v\u00edtimas s\u00e3o do sexo masculino e 2.130 s\u00e3o do feminino. Conforme [&hellip;]<\/p>\n","protected":false},"author":96,"featured_media":161787,"comment_status":"closed","ping_status":"closed","sticky":false,"template":"","format":"standard","meta":{"footnotes":""},"categories":[436,440,252,439],"tags":[],"class_list":["post-167592","post","type-post","status-publish","format-standard","has-post-thumbnail","hentry","category-destaque-da-semana","category-destaques-do-dia","category-regiao","category-ultima-hora"],"_links":{"self":[{"href":"https:\/\/diarioregionaldigital.com.br\/index.php?rest_route=\/wp\/v2\/posts\/167592","targetHints":{"allow":["GET"]}}],"collection":[{"href":"https:\/\/diarioregionaldigital.com.br\/index.php?rest_route=\/wp\/v2\/posts"}],"about":[{"href":"https:\/\/diarioregionaldigital.com.br\/index.php?rest_route=\/wp\/v2\/types\/post"}],"author":[{"embeddable":true,"href":"https:\/\/diarioregionaldigital.com.br\/index.php?rest_route=\/wp\/v2\/users\/96"}],"replies":[{"embeddable":true,"href":"https:\/\/diarioregionaldigital.com.br\/index.php?rest_route=%2Fwp%2Fv2%2Fcomments&post=167592"}],"version-history":[{"count":0,"href":"https:\/\/diarioregionaldigital.com.br\/index.php?rest_route=\/wp\/v2\/posts\/167592\/revisions"}],"wp:featuredmedia":[{"embeddable":true,"href":"https:\/\/diarioregionaldigital.com.br\/index.php?rest_route=\/wp\/v2\/media\/161787"}],"wp:attachment":[{"href":"https:\/\/diarioregionaldigital.com.br\/index.php?rest_route=%2Fwp%2Fv2%2Fmedia&parent=167592"}],"wp:term":[{"taxonomy":"category","embeddable":true,"href":"https:\/\/diarioregionaldigital.com.br\/index.php?rest_route=%2Fwp%2Fv2%2Fcategories&post=167592"},{"taxonomy":"post_tag","embeddable":true,"href":"https:\/\/diarioregionaldigital.com.br\/index.php?rest_route=%2Fwp%2Fv2%2Ftags&post=167592"}],"curies":[{"name":"wp","href":"https:\/\/api.w.org\/{rel}","templated":true}]}}