{"id":167586,"date":"2020-08-26T06:00:04","date_gmt":"2020-08-26T09:00:04","guid":{"rendered":"https:\/\/diarioregionaldigital.com.br\/?p=167586"},"modified":"2020-08-26T18:04:00","modified_gmt":"2020-08-26T21:04:00","slug":"prefeitura-municipal-de-tocantins-processo-no103-26-08-2020","status":"publish","type":"post","link":"https:\/\/diarioregionaldigital.com.br\/?p=167586","title":{"rendered":"Prefeitura Municipal de Tocantins &#8211; Processo n\u00ba103 &#8211; 26\/08\/2020"},"content":{"rendered":"<p style=\"text-align: center;\"><strong>PREFEITURA MUNICIPAL DE TOCANTINS\/MG<\/strong><\/p>\n<p style=\"text-align: center;\"><strong>Processo n\u00b0 103\/2020<\/strong><\/p>\n<p style=\"text-align: center;\"><strong>Dispensa n\u00b0 048\/2020<\/strong><\/p>\n<p style=\"text-align: center;\"><strong>RATIFICA\u00c7\u00c3O<\/strong><\/p>\n<p style=\"text-align: center;\">O Prefeito Municipal de TOCANTINS\/MG, no uso de suas atribui\u00e7\u00f5es legais, com fulcro art. 24, inciso II da Lei n\u00b0 8.666\/93 e suas posteriores altera\u00e7\u00f5es, pelo presente ato, RATIFICA A DISPENSA DE PROCESSO LICITAT\u00d3RIO, SENDO ESTE POR 2 MESES DOS SERVI\u00c7OS DE EMPRESA ESPECIALIZADA EM CONSULTORIA E ASSESSORIA CONT\u00c1BIL PARA ADMINISTRA\u00c7\u00c3O PUBLICA EM VIRTUDE DO CONTRATO N\u00ba 162\/2015, PROCESSO LICITAT\u00d3RIO N\u00ba 084\/2015, TOMADA DE PRE\u00c7OS 002\/2015 EM VIGOR MESMO TEM SEU VENCIMENTO EM 26\/08\/2020 E O PROCESSO LICITAT\u00d3RIO N\u00ba 085\/2020, PREG\u00c3O N\u00ba 036\/2020, QUE TRATA EXCLUSIVAMENTE DOS SERVI\u00c7OS DE EMPRESA ESPECIALIZADA EM CONSULTORIA E ASSESSORIA CONT\u00c1BIL PARA ADMINISTRA\u00c7\u00c3O PUBLICA ESTAR EM PROCESSO DE EXECU\u00c7\u00c3O, TENDO O MESMO SIDO O EDITAL IMPUGNADO, E O REFERIDO PROCESSO EST\u00c1 EM TRAMITA\u00c7\u00c3O, N\u00c3O TENDO ASSIM PRAZO H\u00c1BIL PARA CONCLUS\u00c3O ANTES DO TERMINO DO CONTRATO EM VIGOR.<\/p>\n<p style=\"text-align: center;\"><strong>PLANEJAR CONSULTORES ASSOCIADOS LTDA &#8211; CNPJ: 26.125.096\/0001-08<\/strong><\/p>\n<p style=\"text-align: center;\">Valor Total de R$ 14.700,66 (quatorze mil, setecentos reais e sessenta e seis centavos)<\/p>\n<p style=\"text-align: center;\">TOCANTINS, 19 de Agosto de 2020.<\/p>\n<p style=\"text-align: center;\">____________________________________________<\/p>\n<p style=\"text-align: center;\">Ieder Washington de Oliveira<\/p>\n<p style=\"text-align: center;\">Prefeito Municipal<\/p>\n","protected":false},"excerpt":{"rendered":"<p>PREFEITURA MUNICIPAL DE TOCANTINS\/MG Processo n\u00b0 103\/2020 Dispensa n\u00b0 048\/2020 RATIFICA\u00c7\u00c3O O Prefeito Municipal de TOCANTINS\/MG, no uso de suas atribui\u00e7\u00f5es legais, com fulcro art. 24, inciso II da Lei n\u00b0 8.666\/93 e suas posteriores altera\u00e7\u00f5es, pelo presente ato, RATIFICA A DISPENSA DE PROCESSO LICITAT\u00d3RIO, SENDO ESTE POR 2 MESES DOS SERVI\u00c7OS DE EMPRESA ESPECIALIZADA [&hellip;]<\/p>\n","protected":false},"author":96,"featured_media":0,"comment_status":"closed","ping_status":"closed","sticky":false,"template":"","format":"standard","meta":{"footnotes":""},"categories":[307],"tags":[],"class_list":["post-167586","post","type-post","status-publish","format-standard","hentry","category-editais"],"_links":{"self":[{"href":"https:\/\/diarioregionaldigital.com.br\/index.php?rest_route=\/wp\/v2\/posts\/167586","targetHints":{"allow":["GET"]}}],"collection":[{"href":"https:\/\/diarioregionaldigital.com.br\/index.php?rest_route=\/wp\/v2\/posts"}],"about":[{"href":"https:\/\/diarioregionaldigital.com.br\/index.php?rest_route=\/wp\/v2\/types\/post"}],"author":[{"embeddable":true,"href":"https:\/\/diarioregionaldigital.com.br\/index.php?rest_route=\/wp\/v2\/users\/96"}],"replies":[{"embeddable":true,"href":"https:\/\/diarioregionaldigital.com.br\/index.php?rest_route=%2Fwp%2Fv2%2Fcomments&post=167586"}],"version-history":[{"count":0,"href":"https:\/\/diarioregionaldigital.com.br\/index.php?rest_route=\/wp\/v2\/posts\/167586\/revisions"}],"wp:attachment":[{"href":"https:\/\/diarioregionaldigital.com.br\/index.php?rest_route=%2Fwp%2Fv2%2Fmedia&parent=167586"}],"wp:term":[{"taxonomy":"category","embeddable":true,"href":"https:\/\/diarioregionaldigital.com.br\/index.php?rest_route=%2Fwp%2Fv2%2Fcategories&post=167586"},{"taxonomy":"post_tag","embeddable":true,"href":"https:\/\/diarioregionaldigital.com.br\/index.php?rest_route=%2Fwp%2Fv2%2Ftags&post=167586"}],"curies":[{"name":"wp","href":"https:\/\/api.w.org\/{rel}","templated":true}]}}