{"id":167564,"date":"2020-08-25T21:02:26","date_gmt":"2020-08-26T00:02:26","guid":{"rendered":"https:\/\/diarioregionaldigital.com.br\/?p=167564"},"modified":"2020-08-25T21:02:26","modified_gmt":"2020-08-26T00:02:26","slug":"covid-19-brasil-registra-mais-1-271-mortes-e-471-mil-novos-casos","status":"publish","type":"post","link":"https:\/\/diarioregionaldigital.com.br\/?p=167564","title":{"rendered":"Covid-19: Brasil registra mais 1.271 mortes e 47,1 mil novos casos"},"content":{"rendered":"<p>O balan\u00e7o di\u00e1rio do Minist\u00e9rio da Sa\u00fade registrou 1.271 novas mortes e 47.134 novos casos de covid-19 nas \u00faltimas 24 horas. A atualiza\u00e7\u00e3o sistematiza dados enviados pelas secretarias estaduais de sa\u00fade acerca do avan\u00e7o da pandemia.<img decoding=\"async\" src=\"https:\/\/agenciabrasil.ebc.com.br\/ebc.png?id=1314772&amp;o=node\" \/><img decoding=\"async\" src=\"https:\/\/agenciabrasil.ebc.com.br\/ebc.gif?id=1314772&amp;o=node\" \/><\/p>\n<p>Com os novos \u00f3bitos acrescidos \u00e0s estat\u00edsticas, o total de \u00f3bitos desde o in\u00edcio da pandemia chegou a 116.580. O resultado marca aumento de 1,1% sobre a soma trazida pela atualiza\u00e7\u00e3o\u00a0<span id=\"OBJ_PREFIX_DWT240_com_zimbra_date\" role=\"link\"><span id=\"OBJ_PREFIX_DWT244_com_zimbra_date\" role=\"link\">ontem<\/span><\/span>, quando o n\u00famero de falecimentos estava em 115.309. Ainda h\u00e1 2.868 mortes em investiga\u00e7\u00e3o.<\/p>\n<p>Ainda conforme o boletim epidemiol\u00f3gico, o total de casos confirmados acumulados atingiu 3.669.995. A soma representa acr\u00e9scimo de 1,3% ao total registrado pelo sistema do Minist\u00e9rio da Sa\u00fade\u00a0<span id=\"OBJ_PREFIX_DWT241_com_zimbra_date\" role=\"link\"><span id=\"OBJ_PREFIX_DWT245_com_zimbra_date\" role=\"link\">ontem<\/span><\/span>, de 3.622.861 pessoas infectadas desde o in\u00edcio da pandemia.<\/p>\n<p>As estat\u00edsticas s\u00e3o menores aos domingos e segundas-feiras em raz\u00e3o da dificuldade de alimenta\u00e7\u00e3o dos dados pelas secretarias de sa\u00fade aos fins de semana. J\u00e1 \u00e0s\u00a0<span id=\"OBJ_PREFIX_DWT242_com_zimbra_date\" role=\"link\"><span id=\"OBJ_PREFIX_DWT246_com_zimbra_date\" role=\"link\">ter<\/span><\/span>\u00e7as-feiras h\u00e1 tend\u00eancia de n\u00fameros maiores em fun\u00e7\u00e3o do ac\u00famulo de registros que s\u00e3o enviados ao sistema do Minist\u00e9rio da Sa\u00fade.<\/p>\n<p>A atualiza\u00e7\u00e3o do Minist\u00e9rio registrou ainda 705.020 pessoas em acompanhamento e outras 2.848.395 que j\u00e1 se recuperaram da doen\u00e7a.<\/p>\n<p>A taxa de letalidade (n\u00famero de mortes pelo total de casos) ficou em 3,2%. A mortalidade (quantidade de \u00f3bitos por 100 mil habitantes) atingiu 55,5. A incid\u00eancia dos casos de covid-19 por 100 mil habitantes \u00e9 de 1746,4.<\/p>\n<p><strong>Covid-19 nos estados<\/strong><\/p>\n<p>Os estados com mais mortes registradas foram S\u00e3o Paulo (28.912), Rio<span id=\"OBJ_PREFIX_DWT243_com_zimbra_date\" role=\"link\">\u00a0de Janeiro<\/span>\u00a0(15.560), Cear\u00e1 (8.339), Pernambuco (7.425) e Par\u00e1 (6.078). As unidades da federa\u00e7\u00e3o com menos \u00f3bitos s\u00e3o Roraima (582), Acre (607), Tocantins (610), Amap\u00e1 (642) e Mato Grosso do Sul (767). Tocantins, que estava na parte de baixo do ranking, ultrapassou Roraima e Acre.<\/p>\n<p><strong>Fonte:\u00a0<\/strong>Ag\u00eancia Brasil<\/p>\n","protected":false},"excerpt":{"rendered":"<p>O balan\u00e7o di\u00e1rio do Minist\u00e9rio da Sa\u00fade registrou 1.271 novas mortes e 47.134 novos casos de covid-19 nas \u00faltimas 24 horas. A atualiza\u00e7\u00e3o sistematiza dados enviados pelas secretarias estaduais de sa\u00fade acerca do avan\u00e7o da pandemia. Com os novos \u00f3bitos acrescidos \u00e0s estat\u00edsticas, o total de \u00f3bitos desde o in\u00edcio da pandemia chegou a 116.580. [&hellip;]<\/p>\n","protected":false},"author":96,"featured_media":167565,"comment_status":"closed","ping_status":"closed","sticky":false,"template":"","format":"standard","meta":{"footnotes":""},"categories":[302,436,440,439],"tags":[],"class_list":["post-167564","post","type-post","status-publish","format-standard","has-post-thumbnail","hentry","category-brasil-mundo","category-destaque-da-semana","category-destaques-do-dia","category-ultima-hora"],"_links":{"self":[{"href":"https:\/\/diarioregionaldigital.com.br\/index.php?rest_route=\/wp\/v2\/posts\/167564","targetHints":{"allow":["GET"]}}],"collection":[{"href":"https:\/\/diarioregionaldigital.com.br\/index.php?rest_route=\/wp\/v2\/posts"}],"about":[{"href":"https:\/\/diarioregionaldigital.com.br\/index.php?rest_route=\/wp\/v2\/types\/post"}],"author":[{"embeddable":true,"href":"https:\/\/diarioregionaldigital.com.br\/index.php?rest_route=\/wp\/v2\/users\/96"}],"replies":[{"embeddable":true,"href":"https:\/\/diarioregionaldigital.com.br\/index.php?rest_route=%2Fwp%2Fv2%2Fcomments&post=167564"}],"version-history":[{"count":0,"href":"https:\/\/diarioregionaldigital.com.br\/index.php?rest_route=\/wp\/v2\/posts\/167564\/revisions"}],"wp:featuredmedia":[{"embeddable":true,"href":"https:\/\/diarioregionaldigital.com.br\/index.php?rest_route=\/wp\/v2\/media\/167565"}],"wp:attachment":[{"href":"https:\/\/diarioregionaldigital.com.br\/index.php?rest_route=%2Fwp%2Fv2%2Fmedia&parent=167564"}],"wp:term":[{"taxonomy":"category","embeddable":true,"href":"https:\/\/diarioregionaldigital.com.br\/index.php?rest_route=%2Fwp%2Fv2%2Fcategories&post=167564"},{"taxonomy":"post_tag","embeddable":true,"href":"https:\/\/diarioregionaldigital.com.br\/index.php?rest_route=%2Fwp%2Fv2%2Ftags&post=167564"}],"curies":[{"name":"wp","href":"https:\/\/api.w.org\/{rel}","templated":true}]}}