{"id":167557,"date":"2020-08-25T19:17:59","date_gmt":"2020-08-25T22:17:59","guid":{"rendered":"https:\/\/diarioregionaldigital.com.br\/?p=167557"},"modified":"2020-08-25T19:17:59","modified_gmt":"2020-08-25T22:17:59","slug":"votacao-que-define-situacao-dos-funcionarios-de-transporte-coletivo-sera-feita-nesta-quarta-feira","status":"publish","type":"post","link":"https:\/\/diarioregionaldigital.com.br\/?p=167557","title":{"rendered":"Vota\u00e7\u00e3o que define situa\u00e7\u00e3o dos funcion\u00e1rios de transporte coletivo, ser\u00e1 feita nesta quarta-feira"},"content":{"rendered":"<p>A vota\u00e7\u00e3o que define a situa\u00e7\u00e3o dos funcion\u00e1rios de Transporte Coletivo Urbano (TCU) de Juiz de Fora, ser\u00e1 feita na manh\u00e3 desta quarta-feira (26), ap\u00f3s a categoria n\u00e3o chegar a um consenso nas duas assembleias realizadas nesta ter\u00e7a-feira (25), em meio ao oitavo dia de greve. Segundo o Sindicato dos Trabalhadores em Transporte Rodovi\u00e1rio (Sinttro), os votos ser\u00e3o coletados nas empresas a partir das 8h.<\/p>\n<p>Os trabalhadores reivindicam\u00a0 por conta de redu\u00e7\u00e3o das cestas b\u00e1sicas e tamb\u00e9m do corte de 50% dos sal\u00e1rios, al\u00e9m do n\u00e3o pagamento do m\u00eas de julho.<\/p>\n<p><strong>Crise nas empresas de \u00f4nibus<\/strong><\/p>\n<p>Por conta da pandemia do novo Coronav\u00edrus, as empresas de \u00f4nibus do munic\u00edpio t\u00eam d\u00edvidas de R$ 7 milh\u00f5es desde o m\u00eas de mar\u00e7o, conforme a Astransp. Segundo informa\u00e7\u00f5es dos cons\u00f3rcios, desde outubro de 2019, o n\u00famero de passageiros pagantes ultrapassou a marca de 7 milh\u00f5es. J\u00e1 em mar\u00e7o e abril deste ano, o n\u00famero caiu para 4,9 e 2,2 milh\u00f5es respectivamente.<\/p>\n<p>Diante disso, as empresas alegam que a queda de usu\u00e1rios nos \u00f4nibus gerou desequil\u00edbrio financeiro e no contrato de recess\u00e3o. Al\u00e9m disso, os representantes j\u00e1 se reuniram com a Prefeitura de Juiz de Fora, para negociar reequil\u00edbrio financeiro dos contratos de concess\u00e3o do transporte.<\/p>\n<p>&nbsp;<\/p>\n<p>&nbsp;<\/p>\n","protected":false},"excerpt":{"rendered":"<p>A vota\u00e7\u00e3o que define a situa\u00e7\u00e3o dos funcion\u00e1rios de Transporte Coletivo Urbano (TCU) de Juiz de Fora, ser\u00e1 feita na manh\u00e3 desta quarta-feira (26), ap\u00f3s a categoria n\u00e3o chegar a um consenso nas duas assembleias realizadas nesta ter\u00e7a-feira (25), em meio ao oitavo dia de greve. Segundo o Sindicato dos Trabalhadores em Transporte Rodovi\u00e1rio (Sinttro), [&hellip;]<\/p>\n","protected":false},"author":96,"featured_media":167559,"comment_status":"closed","ping_status":"closed","sticky":false,"template":"","format":"standard","meta":{"footnotes":""},"categories":[253,436,439],"tags":[],"class_list":["post-167557","post","type-post","status-publish","format-standard","has-post-thumbnail","hentry","category-cidade","category-destaque-da-semana","category-ultima-hora"],"_links":{"self":[{"href":"https:\/\/diarioregionaldigital.com.br\/index.php?rest_route=\/wp\/v2\/posts\/167557","targetHints":{"allow":["GET"]}}],"collection":[{"href":"https:\/\/diarioregionaldigital.com.br\/index.php?rest_route=\/wp\/v2\/posts"}],"about":[{"href":"https:\/\/diarioregionaldigital.com.br\/index.php?rest_route=\/wp\/v2\/types\/post"}],"author":[{"embeddable":true,"href":"https:\/\/diarioregionaldigital.com.br\/index.php?rest_route=\/wp\/v2\/users\/96"}],"replies":[{"embeddable":true,"href":"https:\/\/diarioregionaldigital.com.br\/index.php?rest_route=%2Fwp%2Fv2%2Fcomments&post=167557"}],"version-history":[{"count":0,"href":"https:\/\/diarioregionaldigital.com.br\/index.php?rest_route=\/wp\/v2\/posts\/167557\/revisions"}],"wp:featuredmedia":[{"embeddable":true,"href":"https:\/\/diarioregionaldigital.com.br\/index.php?rest_route=\/wp\/v2\/media\/167559"}],"wp:attachment":[{"href":"https:\/\/diarioregionaldigital.com.br\/index.php?rest_route=%2Fwp%2Fv2%2Fmedia&parent=167557"}],"wp:term":[{"taxonomy":"category","embeddable":true,"href":"https:\/\/diarioregionaldigital.com.br\/index.php?rest_route=%2Fwp%2Fv2%2Fcategories&post=167557"},{"taxonomy":"post_tag","embeddable":true,"href":"https:\/\/diarioregionaldigital.com.br\/index.php?rest_route=%2Fwp%2Fv2%2Ftags&post=167557"}],"curies":[{"name":"wp","href":"https:\/\/api.w.org\/{rel}","templated":true}]}}