{"id":167553,"date":"2020-08-25T19:13:58","date_gmt":"2020-08-25T22:13:58","guid":{"rendered":"https:\/\/diarioregionaldigital.com.br\/?p=167553"},"modified":"2020-08-25T19:13:58","modified_gmt":"2020-08-25T22:13:58","slug":"juiz-de-fora-tem-4-544-casos-confirmados-e-156-mortes-por-coronavirus","status":"publish","type":"post","link":"https:\/\/diarioregionaldigital.com.br\/?p=167553","title":{"rendered":"Juiz de Fora tem 4.544 casos confirmados e 156 mortes por Coronav\u00edrus"},"content":{"rendered":"<p><span style=\"font-weight: 400;\">O novo boletim epidemiol\u00f3gico divulgado nessa ter\u00e7a-feira (25) pela Secretaria de Sa\u00fade (SS) da Prefeitura de Juiz de Fora (PJF), confirma mais 53 novos casos por Coronav\u00edrus, totalizando 4.544 Segundo o levantamento, foram registrados mais tr\u00eas mortes, contabilizando 156. Mais 212 novas suspeitas foram registrados, contabilizando 16.395.<\/span><\/p>\n<p><b>\u00d3bitos<\/b><\/p>\n<p><span style=\"font-weight: 400;\">Idosa, de 74 anos, morreu no domingo, 23. Comorbidades: Doen\u00e7a Cardiovascular Cr\u00f4nica (DCC), Diabetes Mellitus (DM) e obesidade;<\/span><\/p>\n<p><span style=\"font-weight: 400;\">Idoso, de 90 anos, morreu no s\u00e1bado, 22. Comorbidades: Hipertens\u00e3o Arterial Sist\u00eamica (HAS) e Doen\u00e7a Neurol\u00f3gica Cr\u00f4nica (DNC);<\/span><\/p>\n<p><span style=\"font-weight: 400;\">Idoso, de 66 anos, morreu nesta ter\u00e7a-feira, 25. Comorbidade: Diabetes Mellitus (DM);<\/span><\/p>\n<p><b>Leitos\u00a0<\/b><\/p>\n<p><span style=\"font-weight: 400;\">Segundo informa\u00e7\u00f5es da PJF, os leitos de enfermaria est\u00e3o com 58,90% de ocupa\u00e7\u00e3o. J\u00e1 os os leitos de UTI e SUS, est\u00e3o com taxa de 69,47% e 73,77% respectivamente.<\/span><\/p>\n<p><b>Ranking de bairros com maior n\u00famero de casos<\/b><\/p>\n<p><span style=\"font-weight: 400;\">A Secretaria de Sa\u00fade divulgou tamb\u00e9m o ranking atualizado dos bairros com maior n\u00famero de casos confirmados da doen\u00e7a. Estes dados foram divulgados antes da PJF liberar o novo boletim epidemiol\u00f3gico.<\/span><\/p>\n<p><span style=\"font-weight: 400;\">\u00a0O novo levantamento aponta do Departamento de Vigil\u00e2ncia Epidemiol\u00f3gica e Ambiental (Dvea) da Secretaria de Sa\u00fade (SS), aponta que os Bairros Barbosa Lage (Regi\u00e3o Norte), Vila Ideal (Regi\u00e3o Sudeste), Francisco Bernadino (Regi\u00e3o Norte) e Manoel Hon\u00f3rio (Regi\u00e3o Central) entraram para a lista de bairros com maiores n\u00fameros de casos em Juiz de Fora.<\/span><\/p>\n<p><span style=\"font-weight: 400;\">At\u00e9 o momento, o Dvea registrou 281 casos no Centro, 173 no Bairro S\u00e3o Mateus, 134 no S\u00e3o Pedro, 111 no Benfica, 87 no Santa Helena, 81 no Altos Passos, 73 no Bom Pastor, 71 no Paineiras, 68 no Nova Era, 63 no Cascatinha, 57 no Santa Luzia, 57 no Progresso, 54 no Grama, 52 no Bairu, 52 no Teixeiras, 51 no Granbery, 50 no Bandeirantes, 49 no Linhares, 43 no Nossa Senhora de Lourdes, 43 no Santa Cruz, 42 no Monte Castelo, 42 no Estrela Sul, 41 no Ipiranga, 37 no Eldorado, 37 no Jardim Gl\u00f3ria, 36 no Graja\u00fa e 35 em Milho Branco.<\/span><\/p>\n<p><b>Casos recuperados<\/b><\/p>\n<p><span style=\"font-weight: 400;\">De acordo com a Secretaria de Estado da Sa\u00fade de Minas Gerais (SES-MG), Juiz de Fora registra 3.979 pacientes recuperados da doen\u00e7a.\u00a0<\/span><\/p>\n<p><b>Isolamento social<\/b><\/p>\n<p><span style=\"font-weight: 400;\">Conforme os dados divulgados pela Prefeitura, o munic\u00edpio apresenta taxa de isolamento social em 49,63%, cuja m\u00e9dia \u00e9 dos \u00faltimos sete dias. O valor est\u00e1 um pouco acima da taxa registrada em Minas Gerais, que \u00e9 de 49,47%.<\/span><\/p>\n<p><b>Casos e \u00f3bitos confirmados<\/b><\/p>\n<p><span style=\"font-weight: 400;\">Na compara\u00e7\u00e3o com outras cidades do estado, Juiz de Fora agora aparece como s\u00e9timo munic\u00edpio com maior n\u00famero de casos confirmados. Segundo dados da SES-MG, na primeira posi\u00e7\u00e3o aparece Belo Horizonte com 31.461, Uberl\u00e2ndia em segundo com 18.269, Ipatinga em terceiro com 7.133, Contagem em quarto com 6.725, Governador Valadares em quinto com 5.737 e Montes Claros em sexto com 4.563, estes s\u00e3o os munic\u00edpios que apresentam mais casos confirmados em compara\u00e7\u00e3o com Juiz de Fora.<\/span><\/p>\n<p><span style=\"font-weight: 400;\">J\u00e1 na quest\u00e3o das mortes confirmadas, o munic\u00edpio permanece em sexto nesse quesito. Belo Horizonte lidera com 882 \u00f3bitos, Uberl\u00e2ndia \u00e9 o segundo com 349, Contagem em terceiro com 260, Governador Valadares em quarto com 186 e Betim em quinto com 155.<\/span><\/p>\n","protected":false},"excerpt":{"rendered":"<p>O novo boletim epidemiol\u00f3gico divulgado nessa ter\u00e7a-feira (25) pela Secretaria de Sa\u00fade (SS) da Prefeitura de Juiz de Fora (PJF), confirma mais 53 novos casos por Coronav\u00edrus, totalizando 4.544 Segundo o levantamento, foram registrados mais tr\u00eas mortes, contabilizando 156. Mais 212 novas suspeitas foram registrados, contabilizando 16.395. \u00d3bitos Idosa, de 74 anos, morreu no domingo, [&hellip;]<\/p>\n","protected":false},"author":96,"featured_media":167555,"comment_status":"closed","ping_status":"closed","sticky":false,"template":"","format":"standard","meta":{"footnotes":""},"categories":[253,436,440,439],"tags":[],"class_list":["post-167553","post","type-post","status-publish","format-standard","has-post-thumbnail","hentry","category-cidade","category-destaque-da-semana","category-destaques-do-dia","category-ultima-hora"],"_links":{"self":[{"href":"https:\/\/diarioregionaldigital.com.br\/index.php?rest_route=\/wp\/v2\/posts\/167553","targetHints":{"allow":["GET"]}}],"collection":[{"href":"https:\/\/diarioregionaldigital.com.br\/index.php?rest_route=\/wp\/v2\/posts"}],"about":[{"href":"https:\/\/diarioregionaldigital.com.br\/index.php?rest_route=\/wp\/v2\/types\/post"}],"author":[{"embeddable":true,"href":"https:\/\/diarioregionaldigital.com.br\/index.php?rest_route=\/wp\/v2\/users\/96"}],"replies":[{"embeddable":true,"href":"https:\/\/diarioregionaldigital.com.br\/index.php?rest_route=%2Fwp%2Fv2%2Fcomments&post=167553"}],"version-history":[{"count":0,"href":"https:\/\/diarioregionaldigital.com.br\/index.php?rest_route=\/wp\/v2\/posts\/167553\/revisions"}],"wp:featuredmedia":[{"embeddable":true,"href":"https:\/\/diarioregionaldigital.com.br\/index.php?rest_route=\/wp\/v2\/media\/167555"}],"wp:attachment":[{"href":"https:\/\/diarioregionaldigital.com.br\/index.php?rest_route=%2Fwp%2Fv2%2Fmedia&parent=167553"}],"wp:term":[{"taxonomy":"category","embeddable":true,"href":"https:\/\/diarioregionaldigital.com.br\/index.php?rest_route=%2Fwp%2Fv2%2Fcategories&post=167553"},{"taxonomy":"post_tag","embeddable":true,"href":"https:\/\/diarioregionaldigital.com.br\/index.php?rest_route=%2Fwp%2Fv2%2Ftags&post=167553"}],"curies":[{"name":"wp","href":"https:\/\/api.w.org\/{rel}","templated":true}]}}