{"id":167550,"date":"2020-08-25T18:29:51","date_gmt":"2020-08-25T21:29:51","guid":{"rendered":"https:\/\/diarioregionaldigital.com.br\/?p=167550"},"modified":"2020-08-25T18:30:56","modified_gmt":"2020-08-25T21:30:56","slug":"forum-da-inicio-ao-julgamento-do-caso-claudia","status":"publish","type":"post","link":"https:\/\/diarioregionaldigital.com.br\/?p=167550","title":{"rendered":"F\u00f3rum d\u00e1 in\u00edcio ao julgamento do Caso Cl\u00e1udia"},"content":{"rendered":"<p><span style=\"font-weight: 400;\">O F\u00f3rum Benjamin Colucci, deu in\u00edcio na ter\u00e7a-feira (25), ao julgamento do caso referente ao assassinato de Cl\u00e1udia de Paiva Rezende, 47 anos, ocorrido em 2019 no Bairro Barreira do Triunfo (Regi\u00e3o Norte). O corpo da v\u00edtima s\u00f3 foi encontrado no m\u00eas de dezembro.<\/span><\/p>\n<p><span style=\"font-weight: 400;\">As investiga\u00e7\u00f5es apontam que seu ex-companheiro, Jaime Trist\u00e3o Alves, 41, \u00e9 o principal suspeito de cometer o ato e o mesmo est\u00e1 preso desde agosto do \u00faltimo ano.\u00a0<\/span><\/p>\n<p><span style=\"font-weight: 400;\">A sess\u00e3o foi presidida pelo juiz Paulo Trist\u00e3o e segundo ele, a primeira etapa ser\u00e1 a escolha dos jurados. Logo em seguida, eles ser\u00e3o levados aos locais que envolvem a trama criminosa. Acompanhado pelo juiz, os jurados far\u00e3o o trajeto percorrido por Cl\u00e1udia desde que saiu de casa em Nova Era (Regi\u00e3o Norte), local em que foi abordada pelo suspeito. Ap\u00f3s esta etapa, o grupo segue para a Barreira do Triunfo, onde o corpo foi encontrado.<\/span><\/p>\n<p><span style=\"font-weight: 400;\">Segundo Paulo Trist\u00e3o, aproximadamente 10 pessoas, dentre acusa\u00e7\u00e3o e defesa, ser\u00e3o ouvidas, entretanto n\u00e3o h\u00e1 estimativa de dura\u00e7\u00e3o do julgamento.<\/span><\/p>\n<p><b>Entenda o caso<\/b><\/p>\n<p><span style=\"font-weight: 400;\">No dia 8 de julho de 2019, o suspeito Jaime Trist\u00e3o, teria registrado um Boletim de Ocorr\u00eancia relatando o desaparecimento de Claudia, na Zona Norte de Juiz de Fora. Mais adiante, familiares tamb\u00e9m procuraram a 3\u00aa Delegacia de Pol\u00edcia Civil, respons\u00e1vel pela \u00e1rea.<\/span><\/p>\n<p><span style=\"font-weight: 400;\">No primeiro depoimento, Jaime informou que no dia do desaparecimento, teria sa\u00eddo\u00a0 da resid\u00eancia dele de manh\u00e3 e, por volta de meio dia, teria ido a um bar com amigos e ficado no local at\u00e9 a noite, se dirigindo, em seguida, a uma exposi\u00e7\u00e3o agropecu\u00e1ria.\u00a0<\/span><\/p>\n<p><span style=\"font-weight: 400;\">As investiga\u00e7\u00f5es feitas pela Pol\u00edcia Civil de Minas Gerais (PCMG), analisaram as imagens de c\u00e2meras de seguran\u00e7a, que apontam Jaime como a \u00faltima pessoa vista na companhia da Cla\u00fadia. Segundo o Delegado Rafael Gomes, \u201cNo dia desaparecimento dela, Cla\u00fadia estava dentro da padaria, em Nova Era, e ele passou com o carro em frente ao estabelecimento, dando a volta no quarteir\u00e3o e parando o carro na rua principal por cerca de um minuto. Em seguida, ele chegou a ligar para a ex-mulher e consta a imagem que ela saiu da padaria e eles convergem na mesma rua\u201d, disse, complementando que, depois disso, n\u00e3o h\u00e1 imagens dela na rua e o ve\u00edculo se desloca do local.<\/span><\/p>\n<p><span style=\"font-weight: 400;\">De acordo com a autoridade policial, o carro de Jaime foi apreendido, durante as investiga\u00e7\u00f5es. \u201cFoi realizado exame que apontou que h\u00e1 ind\u00edcios de sangue no encosto de cabe\u00e7a do banco do motorista e na porta esquerda. H\u00e1 tamb\u00e9m ind\u00edcios de sangue no casaco que ele utilizava no dia do desaparecimento\u201d, concluiu.<\/span><\/p>\n","protected":false},"excerpt":{"rendered":"<p>O F\u00f3rum Benjamin Colucci, deu in\u00edcio na ter\u00e7a-feira (25), ao julgamento do caso referente ao assassinato de Cl\u00e1udia de Paiva Rezende, 47 anos, ocorrido em 2019 no Bairro Barreira do Triunfo (Regi\u00e3o Norte). O corpo da v\u00edtima s\u00f3 foi encontrado no m\u00eas de dezembro. As investiga\u00e7\u00f5es apontam que seu ex-companheiro, Jaime Trist\u00e3o Alves, 41, \u00e9 [&hellip;]<\/p>\n","protected":false},"author":96,"featured_media":167551,"comment_status":"closed","ping_status":"closed","sticky":false,"template":"","format":"standard","meta":{"footnotes":""},"categories":[253,436,440,439],"tags":[],"class_list":["post-167550","post","type-post","status-publish","format-standard","has-post-thumbnail","hentry","category-cidade","category-destaque-da-semana","category-destaques-do-dia","category-ultima-hora"],"_links":{"self":[{"href":"https:\/\/diarioregionaldigital.com.br\/index.php?rest_route=\/wp\/v2\/posts\/167550","targetHints":{"allow":["GET"]}}],"collection":[{"href":"https:\/\/diarioregionaldigital.com.br\/index.php?rest_route=\/wp\/v2\/posts"}],"about":[{"href":"https:\/\/diarioregionaldigital.com.br\/index.php?rest_route=\/wp\/v2\/types\/post"}],"author":[{"embeddable":true,"href":"https:\/\/diarioregionaldigital.com.br\/index.php?rest_route=\/wp\/v2\/users\/96"}],"replies":[{"embeddable":true,"href":"https:\/\/diarioregionaldigital.com.br\/index.php?rest_route=%2Fwp%2Fv2%2Fcomments&post=167550"}],"version-history":[{"count":0,"href":"https:\/\/diarioregionaldigital.com.br\/index.php?rest_route=\/wp\/v2\/posts\/167550\/revisions"}],"wp:featuredmedia":[{"embeddable":true,"href":"https:\/\/diarioregionaldigital.com.br\/index.php?rest_route=\/wp\/v2\/media\/167551"}],"wp:attachment":[{"href":"https:\/\/diarioregionaldigital.com.br\/index.php?rest_route=%2Fwp%2Fv2%2Fmedia&parent=167550"}],"wp:term":[{"taxonomy":"category","embeddable":true,"href":"https:\/\/diarioregionaldigital.com.br\/index.php?rest_route=%2Fwp%2Fv2%2Fcategories&post=167550"},{"taxonomy":"post_tag","embeddable":true,"href":"https:\/\/diarioregionaldigital.com.br\/index.php?rest_route=%2Fwp%2Fv2%2Ftags&post=167550"}],"curies":[{"name":"wp","href":"https:\/\/api.w.org\/{rel}","templated":true}]}}