{"id":167535,"date":"2020-08-25T17:34:43","date_gmt":"2020-08-25T20:34:43","guid":{"rendered":"https:\/\/diarioregionaldigital.com.br\/?p=167535"},"modified":"2020-08-25T17:34:43","modified_gmt":"2020-08-25T20:34:43","slug":"prf-apreende-tres-carretas-transportando-cervejas-sem-documento-fiscal","status":"publish","type":"post","link":"https:\/\/diarioregionaldigital.com.br\/?p=167535","title":{"rendered":"PRF apreende tr\u00eas carretas transportando cervejas sem documento fiscal"},"content":{"rendered":"<p>A Pol\u00edcia Rodovi\u00e1ria Federal (PRF), apreendeu na noite de segunda-feira (24), um total de tr\u00eas carretas <span style=\"font-weight: 400;\">transportando cerveja sem documenta\u00e7\u00e3o fiscal. A opera\u00e7\u00e3o ocorreu simultaneamente em Juiz de Fora e Congonhas. <\/span><span style=\"font-weight: 400;\">As cargas s\u00e3o de uma marca de cerveja nacionalmente conhecida e totalizaram 110 mil unidades, entre garrafas de 600 ml e lat\u00f5es de 473 ml, cujo destino final era Rio de Janeiro. Al\u00e9m disso, elas possuem identifica\u00e7\u00e3o de produ\u00e7\u00e3o em unidades fabris de estados do Nordeste do pa\u00eds.<\/span><\/p>\n<p>Segundo informa\u00e7\u00f5es da PRF, o propriet\u00e1rio dos tr\u00eas ve\u00edculos, j\u00e1 foi flagrado pelos policiais em outras oportunidades, pela mesma situa\u00e7\u00e3o. <span style=\"font-weight: 400;\">Estima-se que o valor das multas aplicadas pela Secretaria da Fazenda de Minas Gerais ir\u00e1 superar os R$200.000,00. Assim, a libera\u00e7\u00e3o da carga de cerveja e das carretas ocorrer\u00e1 ap\u00f3s o pagamento do valor devido. Em relatos aos policiais, <\/span><span style=\"font-weight: 400;\">os condutores contam que o local de descarregamento somente seria informado pelo dono dos ve\u00edculos na chegada ao estado do Rio de Janeiro.\u00a0<\/span><\/p>\n","protected":false},"excerpt":{"rendered":"<p>A Pol\u00edcia Rodovi\u00e1ria Federal (PRF), apreendeu na noite de segunda-feira (24), um total de tr\u00eas carretas transportando cerveja sem documenta\u00e7\u00e3o fiscal. A opera\u00e7\u00e3o ocorreu simultaneamente em Juiz de Fora e Congonhas. As cargas s\u00e3o de uma marca de cerveja nacionalmente conhecida e totalizaram 110 mil unidades, entre garrafas de 600 ml e lat\u00f5es de 473 [&hellip;]<\/p>\n","protected":false},"author":96,"featured_media":167536,"comment_status":"closed","ping_status":"closed","sticky":false,"template":"","format":"standard","meta":{"footnotes":""},"categories":[301,436,439],"tags":[],"class_list":["post-167535","post","type-post","status-publish","format-standard","has-post-thumbnail","hentry","category-artigos-policiais","category-destaque-da-semana","category-ultima-hora"],"_links":{"self":[{"href":"https:\/\/diarioregionaldigital.com.br\/index.php?rest_route=\/wp\/v2\/posts\/167535","targetHints":{"allow":["GET"]}}],"collection":[{"href":"https:\/\/diarioregionaldigital.com.br\/index.php?rest_route=\/wp\/v2\/posts"}],"about":[{"href":"https:\/\/diarioregionaldigital.com.br\/index.php?rest_route=\/wp\/v2\/types\/post"}],"author":[{"embeddable":true,"href":"https:\/\/diarioregionaldigital.com.br\/index.php?rest_route=\/wp\/v2\/users\/96"}],"replies":[{"embeddable":true,"href":"https:\/\/diarioregionaldigital.com.br\/index.php?rest_route=%2Fwp%2Fv2%2Fcomments&post=167535"}],"version-history":[{"count":0,"href":"https:\/\/diarioregionaldigital.com.br\/index.php?rest_route=\/wp\/v2\/posts\/167535\/revisions"}],"wp:featuredmedia":[{"embeddable":true,"href":"https:\/\/diarioregionaldigital.com.br\/index.php?rest_route=\/wp\/v2\/media\/167536"}],"wp:attachment":[{"href":"https:\/\/diarioregionaldigital.com.br\/index.php?rest_route=%2Fwp%2Fv2%2Fmedia&parent=167535"}],"wp:term":[{"taxonomy":"category","embeddable":true,"href":"https:\/\/diarioregionaldigital.com.br\/index.php?rest_route=%2Fwp%2Fv2%2Fcategories&post=167535"},{"taxonomy":"post_tag","embeddable":true,"href":"https:\/\/diarioregionaldigital.com.br\/index.php?rest_route=%2Fwp%2Fv2%2Ftags&post=167535"}],"curies":[{"name":"wp","href":"https:\/\/api.w.org\/{rel}","templated":true}]}}