{"id":167524,"date":"2020-08-25T16:20:34","date_gmt":"2020-08-25T19:20:34","guid":{"rendered":"https:\/\/diarioregionaldigital.com.br\/?p=167524"},"modified":"2020-08-25T16:20:34","modified_gmt":"2020-08-25T19:20:34","slug":"festa-organizada-por-usain-bolt-sera-investigada-por-aglomeracao-e-convidados-sem-mascaras","status":"publish","type":"post","link":"https:\/\/diarioregionaldigital.com.br\/?p=167524","title":{"rendered":"Festa organizada por Usain Bolt ser\u00e1 investigada por aglomera\u00e7\u00e3o e convidados sem m\u00e1scaras"},"content":{"rendered":"<p><span style=\"font-weight: 400;\">A pol\u00edcia jamaicana, abre investiga\u00e7\u00f5es referentes \u00e0 uma festa organizada pelo velocista Usain Bolt, na qual houve aglomera\u00e7\u00e3o e convidados sem m\u00e1scaras. A reuni\u00e3o foi para celebrar o anivers\u00e1rio de 34 anos do atleta e segundo informa\u00e7\u00f5es da imprensa local, haviam 20 pessoas presentes no local, o que \u00e9 proibido pelo Governo da Jamaica.<\/span><\/p>\n<p><span style=\"font-weight: 400;\">Bolt testou positivo para a doen\u00e7a na segunda-feira (24) e o resultado foi confirmado pelo Ministro da Sa\u00fade da Jamaica, Christopher Tufton, em uma coletiva de imprensa virtual ao lado do Primeiro Ministro Andrew Holness:<\/span><\/p>\n<p><span style=\"font-weight: 400;\">\u201cA pol\u00edcia est\u00e1 investigando todos os aspectos deste assunto (festa). Ningu\u00e9m est\u00e1 sendo tratado com isen\u00e7\u00e3o ou tratamento especial. Todos os jamaicanos t\u00eam um dever. Todos os que est\u00e3o na esfera p\u00fablica t\u00eam um dever ainda maior\u201d.<\/span><\/p>\n<p><span style=\"font-weight: 400;\">Al\u00e9m disso, a imprensa local diz que a festa contou com a presen\u00e7a dos jogadores <\/span><span style=\"font-weight: 400;\">Raheem Sterling, atacante do Manchester City, Leon Bailey, ala do Bayer Leverkusen, o jogador de cr\u00edquete Chris Gayle e o cantor de Reggae Christopher Martin.<\/span><\/p>\n<p><span style=\"font-weight: 400;\">Ao ser questionado sobre a presen\u00e7a de pessoas famosas na festa, que teriam violado as regras que obrigam ficar de quarentena durante 14 dias ap\u00f3s entrar em territ\u00f3rio jamaicano, Tufton diz que:<\/span><\/p>\n<p><span style=\"font-weight: 400;\">\u201cN\u00e3o tenho conhecimento de nenhum indiv\u00edduo espec\u00edfico entrando e violando as ordens de quarentena. Se tivermos informa\u00e7\u00f5es, as regras se aplicariam neste caso, como em qualquer outro caso\u201d.<\/span><\/p>\n<p><span style=\"font-weight: 400;\">Ap\u00f3s o assunto ganhar repercuss\u00e3o pelo mundo, Usain Bolt postou um v\u00eddeo em suas redes sociais para falar sobre o assunto. O campe\u00e3o ol\u00edmpico contou que est\u00e1 sem sintomas, fazendo quarentena e esperando a confirma\u00e7\u00e3o para como prosseguir nesse caso.<\/span><\/p>\n","protected":false},"excerpt":{"rendered":"<p>A pol\u00edcia jamaicana, abre investiga\u00e7\u00f5es referentes \u00e0 uma festa organizada pelo velocista Usain Bolt, na qual houve aglomera\u00e7\u00e3o e convidados sem m\u00e1scaras. A reuni\u00e3o foi para celebrar o anivers\u00e1rio de 34 anos do atleta e segundo informa\u00e7\u00f5es da imprensa local, haviam 20 pessoas presentes no local, o que \u00e9 proibido pelo Governo da Jamaica. Bolt [&hellip;]<\/p>\n","protected":false},"author":96,"featured_media":167525,"comment_status":"closed","ping_status":"closed","sticky":false,"template":"","format":"standard","meta":{"footnotes":""},"categories":[436,257,439],"tags":[],"class_list":["post-167524","post","type-post","status-publish","format-standard","has-post-thumbnail","hentry","category-destaque-da-semana","category-esporte","category-ultima-hora"],"_links":{"self":[{"href":"https:\/\/diarioregionaldigital.com.br\/index.php?rest_route=\/wp\/v2\/posts\/167524","targetHints":{"allow":["GET"]}}],"collection":[{"href":"https:\/\/diarioregionaldigital.com.br\/index.php?rest_route=\/wp\/v2\/posts"}],"about":[{"href":"https:\/\/diarioregionaldigital.com.br\/index.php?rest_route=\/wp\/v2\/types\/post"}],"author":[{"embeddable":true,"href":"https:\/\/diarioregionaldigital.com.br\/index.php?rest_route=\/wp\/v2\/users\/96"}],"replies":[{"embeddable":true,"href":"https:\/\/diarioregionaldigital.com.br\/index.php?rest_route=%2Fwp%2Fv2%2Fcomments&post=167524"}],"version-history":[{"count":0,"href":"https:\/\/diarioregionaldigital.com.br\/index.php?rest_route=\/wp\/v2\/posts\/167524\/revisions"}],"wp:featuredmedia":[{"embeddable":true,"href":"https:\/\/diarioregionaldigital.com.br\/index.php?rest_route=\/wp\/v2\/media\/167525"}],"wp:attachment":[{"href":"https:\/\/diarioregionaldigital.com.br\/index.php?rest_route=%2Fwp%2Fv2%2Fmedia&parent=167524"}],"wp:term":[{"taxonomy":"category","embeddable":true,"href":"https:\/\/diarioregionaldigital.com.br\/index.php?rest_route=%2Fwp%2Fv2%2Fcategories&post=167524"},{"taxonomy":"post_tag","embeddable":true,"href":"https:\/\/diarioregionaldigital.com.br\/index.php?rest_route=%2Fwp%2Fv2%2Ftags&post=167524"}],"curies":[{"name":"wp","href":"https:\/\/api.w.org\/{rel}","templated":true}]}}