{"id":167432,"date":"2020-08-24T16:02:15","date_gmt":"2020-08-24T19:02:15","guid":{"rendered":"https:\/\/diarioregionaldigital.com.br\/?p=167432"},"modified":"2020-08-24T16:02:30","modified_gmt":"2020-08-24T19:02:30","slug":"ronald-koeman-diz-que-luis-suarez-e-arturo-vidal-nao-continuarao-no-barcelona","status":"publish","type":"post","link":"https:\/\/diarioregionaldigital.com.br\/?p=167432","title":{"rendered":"Ronald Koeman diz que Luis Su\u00e1rez e Arturo Vidal n\u00e3o continuar\u00e3o no Barcelona"},"content":{"rendered":"<p><span style=\"font-weight: 400;\">O novo t\u00e9cnico do Barcelona, Ronald Koeman, informou para a esta\u00e7\u00e3o Rac nesta segunda-feira (24), que o meia chileno Arturo Vidal e o atacante uruguaio Luis Su\u00e1rez, n\u00e3o fazem parte dos planos para a pr\u00f3xima temporada do clube catal\u00e3o. Para o treinador holand\u00eas, as duas dispensas fazem parte do pacote de renova\u00e7\u00e3o do elenco do Barcelona.<\/span><\/p>\n<p><span style=\"font-weight: 400;\">Al\u00e9m disso, outros atletas podem estar fora dos planos de Koeman, dentre eles est\u00e3o: Ivan Rakitic, Samuel Umtiti e Junior Firpo. Segundo informa\u00e7\u00f5es do jornal \u201cMarca\u201d da Espanha, Sergio Busquets, Sergi Roberto e Gerard Piqu\u00e9 est\u00e3o com suas situa\u00e7\u00f5es indefinidas at\u00e9 ent\u00e3o, por\u00e9m pode deixar o clube.<\/span><\/p>\n<p><span style=\"font-weight: 400;\">Quanto \u00e0s situa\u00e7\u00f5es de Su\u00e1rez e Vidal, ambos jogadores podem ser envolvidos em moedas de trocas, durante a janela de transfer\u00eancia do futebol europeu. Inclusive, o pr\u00f3prio atacante disse em uma entrevista no s\u00e1bado (22), que aceitaria ser reserva do time, uma vez que passou por duas cirurgias no joelho na \u00faltima temporada e hoje est\u00e1 com 33 anos de idade:<\/span><\/p>\n<p><span style=\"font-weight: 400;\">\u201cAceitaria como sempre fiz na minha carreira. A competi\u00e7\u00e3o \u00e9 sempre boa. Se o treinador considera que devo come\u00e7ar no banco, n\u00e3o tenho problemas em ajudar na fun\u00e7\u00e3o que me d\u00e3o. Acho que ainda posso contribuir muito para este clube &#8211; disse em entrevista ao jornal espanhol El Pa\u00eds.<\/span><\/p>\n<p><span style=\"font-weight: 400;\">Segundo o jornal \u201cMundo Deportivo\u201d, o Barcelona est\u00e1 de olho no atacante argentino Lautaro Mart\u00ednez, hoje atua pela Inter de Mil\u00e3o da It\u00e1lia. Caso a contrata\u00e7\u00e3o seja efetivada, este ser\u00e1 o substituto de Luis Su\u00e1rez e o interesse foi bem avaliado pelo capit\u00e3o e atacante Lionel Messi, que deve permanecer no time. <\/span><\/p>\n","protected":false},"excerpt":{"rendered":"<p>O novo t\u00e9cnico do Barcelona, Ronald Koeman, informou para a esta\u00e7\u00e3o Rac nesta segunda-feira (24), que o meia chileno Arturo Vidal e o atacante uruguaio Luis Su\u00e1rez, n\u00e3o fazem parte dos planos para a pr\u00f3xima temporada do clube catal\u00e3o. Para o treinador holand\u00eas, as duas dispensas fazem parte do pacote de renova\u00e7\u00e3o do elenco do [&hellip;]<\/p>\n","protected":false},"author":96,"featured_media":167433,"comment_status":"closed","ping_status":"closed","sticky":false,"template":"","format":"standard","meta":{"footnotes":""},"categories":[436,257,439],"tags":[],"class_list":["post-167432","post","type-post","status-publish","format-standard","has-post-thumbnail","hentry","category-destaque-da-semana","category-esporte","category-ultima-hora"],"_links":{"self":[{"href":"https:\/\/diarioregionaldigital.com.br\/index.php?rest_route=\/wp\/v2\/posts\/167432","targetHints":{"allow":["GET"]}}],"collection":[{"href":"https:\/\/diarioregionaldigital.com.br\/index.php?rest_route=\/wp\/v2\/posts"}],"about":[{"href":"https:\/\/diarioregionaldigital.com.br\/index.php?rest_route=\/wp\/v2\/types\/post"}],"author":[{"embeddable":true,"href":"https:\/\/diarioregionaldigital.com.br\/index.php?rest_route=\/wp\/v2\/users\/96"}],"replies":[{"embeddable":true,"href":"https:\/\/diarioregionaldigital.com.br\/index.php?rest_route=%2Fwp%2Fv2%2Fcomments&post=167432"}],"version-history":[{"count":0,"href":"https:\/\/diarioregionaldigital.com.br\/index.php?rest_route=\/wp\/v2\/posts\/167432\/revisions"}],"wp:featuredmedia":[{"embeddable":true,"href":"https:\/\/diarioregionaldigital.com.br\/index.php?rest_route=\/wp\/v2\/media\/167433"}],"wp:attachment":[{"href":"https:\/\/diarioregionaldigital.com.br\/index.php?rest_route=%2Fwp%2Fv2%2Fmedia&parent=167432"}],"wp:term":[{"taxonomy":"category","embeddable":true,"href":"https:\/\/diarioregionaldigital.com.br\/index.php?rest_route=%2Fwp%2Fv2%2Fcategories&post=167432"},{"taxonomy":"post_tag","embeddable":true,"href":"https:\/\/diarioregionaldigital.com.br\/index.php?rest_route=%2Fwp%2Fv2%2Ftags&post=167432"}],"curies":[{"name":"wp","href":"https:\/\/api.w.org\/{rel}","templated":true}]}}