{"id":167429,"date":"2020-08-24T15:10:59","date_gmt":"2020-08-24T18:10:59","guid":{"rendered":"https:\/\/diarioregionaldigital.com.br\/?p=167429"},"modified":"2020-08-24T15:10:59","modified_gmt":"2020-08-24T18:10:59","slug":"a-um-ano-da-abertura-confira-como-o-brasil-se-prepara-para-os-jogos-paralimpicos","status":"publish","type":"post","link":"https:\/\/diarioregionaldigital.com.br\/?p=167429","title":{"rendered":"A um ano da abertura, confira como o Brasil se prepara para os Jogos Paral\u00edmpicos"},"content":{"rendered":"<p><span style=\"font-weight: 400;\">Em fun\u00e7\u00e3o da pandemia da Covid-19, os Jogos Paral\u00edmpicos de T\u00f3quio foram adiados para terem a abertura em 24 de agosto de 2021. Ao todo, ser\u00e3o 539 eventos de 22 modalidades e 21 arenas na capital japonesa at\u00e9 5 de setembro de 2021. A um ano da Cerim\u00f4nia de Abertura, o Comit\u00ea Paral\u00edmpico Brasileiro (CPB) fez um balan\u00e7o de vagas ainda em disputa para o maior evento paradesportivo do planeta. At\u00e9 agora, o Brasil acumula 105 vagas em 14 modalidades, sendo 36 no atletismo, dez na bocha, quatro na canoagem, duas no ciclismo, uma no futebol de 5 (para cegos), duas no goalball (feminino e masculino), duas no hipismo, 35 na nata\u00e7\u00e3o, tr\u00eas no remo, uma no tiro esportivo, uma no tiro com arco, cinco no t\u00eanis de mesa, uma no parataekwondo, duas no v\u00f4lei sentado (feminino e masculino).<\/span><\/p>\n<p><span style=\"font-weight: 400;\">O Brasil tem chance de conquistar mais vagas para os Jogos de T\u00f3quio, j\u00e1 que o per\u00edodo classificat\u00f3rio de algumas modalidades segue aberto em fun\u00e7\u00e3o do adiamento do evento. Esgrima em cadeira de rodas, halterofilismo, jud\u00f4, parabadminton, t\u00eanis em cadeira de rodas e triatlo, por exemplo, ainda n\u00e3o fecharam seus rankings.<\/span><\/p>\n<p><span style=\"font-weight: 400;\">As modalidades que n\u00e3o contar\u00e3o com a participa\u00e7\u00e3o brasileira, at\u00e9 agora, s\u00e3o basquete em cadeira de rodas e r\u00fagbi em cadeira de rodas. As competi\u00e7\u00f5es nacionais previstas para serem realizadas no Centro de Treinamento Paral\u00edmpico, em S\u00e3o Paulo, permanecem suspensas, assim como o acesso para o p\u00fablico em geral (atletas, t\u00e9cnicos, clubes, associa\u00e7\u00f5es, estudantes e colaboradores do CPB).<\/span><\/p>\n<p><span style=\"font-weight: 400;\">Antes, por\u00e9m, em abril o CPB iniciou o Programa de Acompanhamento T\u00e9cnico aos atletas paral\u00edmpicos do mais alto rendimento que est\u00e3o em isolamento social devido \u00e0 pandemia do Covid-19. O projeto tem como objetivo controlar os efeitos da falta de treinamento enquanto os locais de pr\u00e1tica estiverem indispon\u00edveis.<\/span><\/p>\n<p><span style=\"font-weight: 400;\">Equipes multidisciplinares do CPB, entre fisiologistas, preparadores f\u00edsicos, nutricionistas, treinadores e psic\u00f3logos, realizam videochamadas de maneira individualizada ou em grupos, para an\u00e1lises e propostas de atividades. Em julho, o Centro de Treinamento Paral\u00edmpico, em S\u00e3o Paulo, recebeu autoriza\u00e7\u00e3o para abertura parcial. Um grupo restrito de atletas de atletismo, nata\u00e7\u00e3o e t\u00eanis de mesa retornou \u00e0s instala\u00e7\u00f5es, mediante r\u00edgido protocolo de higieniza\u00e7\u00e3o e circula\u00e7\u00e3o limitada.<\/span><\/p>\n<p><b>Movimente-se<\/b><\/p>\n<p><span style=\"font-weight: 400;\">Durante o per\u00edodo de isolamento social, os medalhistas paral\u00edmpicos brasileiros tamb\u00e9m participam do programa Movimente-se, plataforma online do CPB e patrocinada pela Loterias Caixa, que oferece gratuitamente atividade f\u00edsica a pessoas com defici\u00eancia. Todo conte\u00fado do projeto \u00e9 ministrado pelos t\u00e9cnicos do CPB e atletas paral\u00edmpicos, que demonstram como realizar os exerc\u00edcios. A terceira aula do segundo m\u00f3dulo conta com a participa\u00e7\u00e3o dos velocistas Ver\u00f4nica Hip\u00f3lito, Vin\u00edcius Rodrigues e Fabr\u00edcio Ferreira e o nadador Ronystony Cordeiro. Acesse o Movimente-se em: movimentoparalimpico.com.br.<\/span><\/p>\n<p><strong>Fonte:<\/strong> CPB<\/p>\n","protected":false},"excerpt":{"rendered":"<p>Em fun\u00e7\u00e3o da pandemia da Covid-19, os Jogos Paral\u00edmpicos de T\u00f3quio foram adiados para terem a abertura em 24 de agosto de 2021. Ao todo, ser\u00e3o 539 eventos de 22 modalidades e 21 arenas na capital japonesa at\u00e9 5 de setembro de 2021. A um ano da Cerim\u00f4nia de Abertura, o Comit\u00ea Paral\u00edmpico Brasileiro (CPB) [&hellip;]<\/p>\n","protected":false},"author":96,"featured_media":167430,"comment_status":"closed","ping_status":"closed","sticky":false,"template":"","format":"standard","meta":{"footnotes":""},"categories":[436,257,439],"tags":[],"class_list":["post-167429","post","type-post","status-publish","format-standard","has-post-thumbnail","hentry","category-destaque-da-semana","category-esporte","category-ultima-hora"],"_links":{"self":[{"href":"https:\/\/diarioregionaldigital.com.br\/index.php?rest_route=\/wp\/v2\/posts\/167429","targetHints":{"allow":["GET"]}}],"collection":[{"href":"https:\/\/diarioregionaldigital.com.br\/index.php?rest_route=\/wp\/v2\/posts"}],"about":[{"href":"https:\/\/diarioregionaldigital.com.br\/index.php?rest_route=\/wp\/v2\/types\/post"}],"author":[{"embeddable":true,"href":"https:\/\/diarioregionaldigital.com.br\/index.php?rest_route=\/wp\/v2\/users\/96"}],"replies":[{"embeddable":true,"href":"https:\/\/diarioregionaldigital.com.br\/index.php?rest_route=%2Fwp%2Fv2%2Fcomments&post=167429"}],"version-history":[{"count":0,"href":"https:\/\/diarioregionaldigital.com.br\/index.php?rest_route=\/wp\/v2\/posts\/167429\/revisions"}],"wp:featuredmedia":[{"embeddable":true,"href":"https:\/\/diarioregionaldigital.com.br\/index.php?rest_route=\/wp\/v2\/media\/167430"}],"wp:attachment":[{"href":"https:\/\/diarioregionaldigital.com.br\/index.php?rest_route=%2Fwp%2Fv2%2Fmedia&parent=167429"}],"wp:term":[{"taxonomy":"category","embeddable":true,"href":"https:\/\/diarioregionaldigital.com.br\/index.php?rest_route=%2Fwp%2Fv2%2Fcategories&post=167429"},{"taxonomy":"post_tag","embeddable":true,"href":"https:\/\/diarioregionaldigital.com.br\/index.php?rest_route=%2Fwp%2Fv2%2Ftags&post=167429"}],"curies":[{"name":"wp","href":"https:\/\/api.w.org\/{rel}","templated":true}]}}