{"id":167426,"date":"2020-08-24T14:55:10","date_gmt":"2020-08-24T17:55:10","guid":{"rendered":"https:\/\/diarioregionaldigital.com.br\/?p=167426"},"modified":"2020-08-24T14:55:10","modified_gmt":"2020-08-24T17:55:10","slug":"settra-monitora-frota-de-onibus-em-circulacao-no-transporte-coletivo-urbano","status":"publish","type":"post","link":"https:\/\/diarioregionaldigital.com.br\/?p=167426","title":{"rendered":"Settra monitora frota de \u00f4nibus em circula\u00e7\u00e3o no transporte coletivo urbano"},"content":{"rendered":"<p><span style=\"font-weight: 400;\">A Secretaria de Transportes e Tr\u00e2nsito (Settra) da Prefeitura de Juiz de Fora (PJF) acompanha o cumprimento da determina\u00e7\u00e3o do Tribunal Regional do Trabalho (TRT) da 3\u00aa Regi\u00e3o, em que os trabalhadores do transporte coletivo urbano da cidade devem manter em funcionamento o m\u00ednimo de 60% da frota dos \u00f4nibus. Desde o \u00faltimo s\u00e1bado (22), todas as empresas do transporte coletivo urbano est\u00e3o rodando com mais de 60% da frota.<\/span><\/p>\n<p><span style=\"font-weight: 400;\">A Settra realiza o monitoramento via GPS, por c\u00e2meras e estudo de campo por meio dos agentes de tr\u00e2nsito. O secret\u00e1rio de Transportes e Tr\u00e2nsito, Eduardo Facio, tamb\u00e9m acompanha a fiscaliza\u00e7\u00e3o realizada: \u201cPrecisamos garantir o atendimento m\u00ednimo \u00e0 popula\u00e7\u00e3o. Estamos monitorando diariamente o cumprimento da determina\u00e7\u00e3o do TRT e todas as manifesta\u00e7\u00f5es\u201d.<\/span><\/p>\n<p><span style=\"font-weight: 400;\">As vans escolares seguem autorizadas a circular, conforme Portaria N.\u00ba 4.218, publicada no Atos do Governo de ter\u00e7a-feira, 18. A presta\u00e7\u00e3o dos servi\u00e7os dever\u00e1 ocorrer at\u00e9 as 23h59 do dia em que o sistema retornar ao seu funcionamento normal, ou seja, as vans podem atuar em caso de paralisa\u00e7\u00e3o total ou parcial. Como a frota de \u00f4nibus ainda n\u00e3o est\u00e1 normalizada, as vans podem continuar circulando.<\/span><\/p>\n<p><strong>Fonte:<\/strong> Assessoria<\/p>\n","protected":false},"excerpt":{"rendered":"<p>A Secretaria de Transportes e Tr\u00e2nsito (Settra) da Prefeitura de Juiz de Fora (PJF) acompanha o cumprimento da determina\u00e7\u00e3o do Tribunal Regional do Trabalho (TRT) da 3\u00aa Regi\u00e3o, em que os trabalhadores do transporte coletivo urbano da cidade devem manter em funcionamento o m\u00ednimo de 60% da frota dos \u00f4nibus. Desde o \u00faltimo s\u00e1bado (22), [&hellip;]<\/p>\n","protected":false},"author":96,"featured_media":167427,"comment_status":"closed","ping_status":"closed","sticky":false,"template":"","format":"standard","meta":{"footnotes":""},"categories":[253,436,440,439],"tags":[],"class_list":["post-167426","post","type-post","status-publish","format-standard","has-post-thumbnail","hentry","category-cidade","category-destaque-da-semana","category-destaques-do-dia","category-ultima-hora"],"_links":{"self":[{"href":"https:\/\/diarioregionaldigital.com.br\/index.php?rest_route=\/wp\/v2\/posts\/167426","targetHints":{"allow":["GET"]}}],"collection":[{"href":"https:\/\/diarioregionaldigital.com.br\/index.php?rest_route=\/wp\/v2\/posts"}],"about":[{"href":"https:\/\/diarioregionaldigital.com.br\/index.php?rest_route=\/wp\/v2\/types\/post"}],"author":[{"embeddable":true,"href":"https:\/\/diarioregionaldigital.com.br\/index.php?rest_route=\/wp\/v2\/users\/96"}],"replies":[{"embeddable":true,"href":"https:\/\/diarioregionaldigital.com.br\/index.php?rest_route=%2Fwp%2Fv2%2Fcomments&post=167426"}],"version-history":[{"count":0,"href":"https:\/\/diarioregionaldigital.com.br\/index.php?rest_route=\/wp\/v2\/posts\/167426\/revisions"}],"wp:featuredmedia":[{"embeddable":true,"href":"https:\/\/diarioregionaldigital.com.br\/index.php?rest_route=\/wp\/v2\/media\/167427"}],"wp:attachment":[{"href":"https:\/\/diarioregionaldigital.com.br\/index.php?rest_route=%2Fwp%2Fv2%2Fmedia&parent=167426"}],"wp:term":[{"taxonomy":"category","embeddable":true,"href":"https:\/\/diarioregionaldigital.com.br\/index.php?rest_route=%2Fwp%2Fv2%2Fcategories&post=167426"},{"taxonomy":"post_tag","embeddable":true,"href":"https:\/\/diarioregionaldigital.com.br\/index.php?rest_route=%2Fwp%2Fv2%2Ftags&post=167426"}],"curies":[{"name":"wp","href":"https:\/\/api.w.org\/{rel}","templated":true}]}}