{"id":167361,"date":"2020-08-21T21:39:17","date_gmt":"2020-08-22T00:39:17","guid":{"rendered":"https:\/\/diarioregionaldigital.com.br\/?p=167361"},"modified":"2020-08-21T21:39:17","modified_gmt":"2020-08-22T00:39:17","slug":"prefeitura-de-juiz-de-fora-recebe-doacao-de-27-ventiladores-mecanicos-da-fiemg","status":"publish","type":"post","link":"https:\/\/diarioregionaldigital.com.br\/?p=167361","title":{"rendered":"Prefeitura de Juiz de Fora recebe doa\u00e7\u00e3o de 27 ventiladores mec\u00e2nicos da Fiemg"},"content":{"rendered":"<p><span style=\"font-weight: 400;\">O prefeito Ant\u00f4nio Almas, acompanhado do secret\u00e1rio municipal de Sa\u00fade, Rodrigo Almeida, recebeu simbolicamente, 27 ventiladores mec\u00e2nicos, doados pela Federa\u00e7\u00e3o das Ind\u00fastrias do Estado de Minas Gerais (Fiemg). O ato foi selado durante solenidade na sede da Fiemg Regional Zona da Mata, no Bairro Industrial, em Juiz de Fora. A previs\u00e3o \u00e9 de que os equipamentos cheguem \u00e0 cidade na primeira quinzena de setembro.<\/span><\/p>\n<p><span style=\"font-weight: 400;\">\u201cEstamos vencendo essa situa\u00e7\u00e3o porque estamos juntos\u201d, ressaltou o prefeito Ant\u00f4nio Almas, que fez breve hist\u00f3rico, durante a solenidade, sobre a postura do Munic\u00edpio frente \u00e0 pandemia: \u201cEm mar\u00e7o, confirmamos o primeiro caso de coronav\u00edrus em Juiz de Fora. Naquele momento, nossa preocupa\u00e7\u00e3o maior era o n\u00famero de leitos de UTI (unidade de tratamento intensivo). Isso porque o cen\u00e1rio esperado, com base em estudos desenvolvidos por pesquisadores da cidade, era de que at\u00e9 25 de junho ter\u00edamos mais de dez mil infectados, com cerca de 300 leitos de terapia intensiva ocupados. N\u00e3o foi f\u00e1cil tomar a decis\u00e3o de fechar as atividades n\u00e3o essenciais, mas faz parte do meu exerc\u00edcio. Nesse per\u00edodo, conseguimos ampliar nossa oferta de leitos e n\u00e3o chegamos aos n\u00fameros projetados. Tenho que agradecer o trabalho e a parceria dos empres\u00e1rios de Minas Gerais. Hoje, em especial, \u00e0 Fiemg, pela doa\u00e7\u00e3o dos ventiladores mec\u00e2nicos que v\u00e3o dar maior robustez para o sistema de sa\u00fade p\u00fablico de Juiz de Fora\u201d.<\/span><\/p>\n<p><span style=\"font-weight: 400;\">O presidente da Fiemg Regional Zona da Mata, Heveraldo Lima de Castro, afirmou, na abertura da solenidade, que Juiz de Fora \u00e9 cidade-polo em uma macrorregi\u00e3o de sa\u00fade, e respons\u00e1vel pelo atendimento de cidad\u00e3os de diversos munic\u00edpios do entorno. \u201cSendo assim\u201d, completou ele, \u201cacreditamos que essa doa\u00e7\u00e3o vai colaborar com as a\u00e7\u00f5es de enfrentamento \u00e0 pandemia\u201d.<\/span><\/p>\n<p><span style=\"font-weight: 400;\">Segundo o presidente da Fiemg, Fl\u00e1vio Roscoe, o equipamento foi idealizado e produzido pela \u201cInspirar\u201d, empresa Health Tech, que contou com suporte da federa\u00e7\u00e3o. O aparelho foi criado \u201cdo zero\u201d, com pe\u00e7as dispon\u00edveis no mercado, e j\u00e1 obteve licenciamento da Ag\u00eancia Nacional de Vigil\u00e2ncia Sanit\u00e1ria (Anvisa). Para al\u00e9m dessa a\u00e7\u00e3o, a entidade encabe\u00e7ou opera\u00e7\u00e3o para recuperar respiradores que estavam fora de uso, por problemas t\u00e9cnicos.<\/span><\/p>\n<p><span style=\"font-weight: 400;\">De acordo com Rodrigo Almeida, a Secretaria de Sa\u00fade (SS), da Prefeitura de Juiz de Fora (PJF), destinar\u00e1 os aparelhos para o Hospital \u201cDr. Geraldo Mozart Teixeira\u201d (HPS), Departamento de Urg\u00eancia Regional Leste (Durl), Pronto Atendimento Infantil (PAI) e \u00e0s unidades de Pronto Atendimento (UPAs) Norte e Oeste.<\/span><\/p>\n<p><b>O aparelho<\/b><\/p>\n<p><span style=\"font-weight: 400;\">O equipamento produzido \u00e9 o VI-C19, que utiliza dois m\u00f3dulos para fazer a ventila\u00e7\u00e3o: o volume controlado (VCV) e o modo press\u00e3o controlada (PVC). Ele est\u00e1 apto a ventilar qualquer doente com insufici\u00eancia respirat\u00f3ria, que necessite do apoio mec\u00e2nico. O projeto foi desenvolvido por equipe multidisciplinar: m\u00e9dicos intensivistas, engenheiros, programadores e desenvolvedores. Alguns pacientes com doen\u00e7as neuromusculares, como esclerose lateral amiotr\u00f3fica (ELA), pulmonar obstrutiva cr\u00f4nica (Dpoc) &#8211; que inclui, nesta categoria, enfisema, bronquite e asma &#8211; ou pessoas saud\u00e1veis, que desenvolveram pneumonia ou infec\u00e7\u00e3o respirat\u00f3ria, podem usar o VI-C19 em caso de necessidade e ajuda mec\u00e2nica.<\/span><\/p>\n<p><strong>Fonte:<\/strong> Assessoria<\/p>\n","protected":false},"excerpt":{"rendered":"<p>O prefeito Ant\u00f4nio Almas, acompanhado do secret\u00e1rio municipal de Sa\u00fade, Rodrigo Almeida, recebeu simbolicamente, 27 ventiladores mec\u00e2nicos, doados pela Federa\u00e7\u00e3o das Ind\u00fastrias do Estado de Minas Gerais (Fiemg). O ato foi selado durante solenidade na sede da Fiemg Regional Zona da Mata, no Bairro Industrial, em Juiz de Fora. A previs\u00e3o \u00e9 de que os [&hellip;]<\/p>\n","protected":false},"author":96,"featured_media":167362,"comment_status":"closed","ping_status":"closed","sticky":false,"template":"","format":"standard","meta":{"footnotes":""},"categories":[253,436,439],"tags":[],"class_list":["post-167361","post","type-post","status-publish","format-standard","has-post-thumbnail","hentry","category-cidade","category-destaque-da-semana","category-ultima-hora"],"_links":{"self":[{"href":"https:\/\/diarioregionaldigital.com.br\/index.php?rest_route=\/wp\/v2\/posts\/167361","targetHints":{"allow":["GET"]}}],"collection":[{"href":"https:\/\/diarioregionaldigital.com.br\/index.php?rest_route=\/wp\/v2\/posts"}],"about":[{"href":"https:\/\/diarioregionaldigital.com.br\/index.php?rest_route=\/wp\/v2\/types\/post"}],"author":[{"embeddable":true,"href":"https:\/\/diarioregionaldigital.com.br\/index.php?rest_route=\/wp\/v2\/users\/96"}],"replies":[{"embeddable":true,"href":"https:\/\/diarioregionaldigital.com.br\/index.php?rest_route=%2Fwp%2Fv2%2Fcomments&post=167361"}],"version-history":[{"count":0,"href":"https:\/\/diarioregionaldigital.com.br\/index.php?rest_route=\/wp\/v2\/posts\/167361\/revisions"}],"wp:featuredmedia":[{"embeddable":true,"href":"https:\/\/diarioregionaldigital.com.br\/index.php?rest_route=\/wp\/v2\/media\/167362"}],"wp:attachment":[{"href":"https:\/\/diarioregionaldigital.com.br\/index.php?rest_route=%2Fwp%2Fv2%2Fmedia&parent=167361"}],"wp:term":[{"taxonomy":"category","embeddable":true,"href":"https:\/\/diarioregionaldigital.com.br\/index.php?rest_route=%2Fwp%2Fv2%2Fcategories&post=167361"},{"taxonomy":"post_tag","embeddable":true,"href":"https:\/\/diarioregionaldigital.com.br\/index.php?rest_route=%2Fwp%2Fv2%2Ftags&post=167361"}],"curies":[{"name":"wp","href":"https:\/\/api.w.org\/{rel}","templated":true}]}}