{"id":167355,"date":"2020-08-21T15:17:07","date_gmt":"2020-08-21T18:17:07","guid":{"rendered":"https:\/\/diarioregionaldigital.com.br\/?p=167355"},"modified":"2020-08-21T15:17:07","modified_gmt":"2020-08-21T18:17:07","slug":"cbda-apresenta-criterios-de-convocacao-dos-atletas-de-maratona-aquatica","status":"publish","type":"post","link":"https:\/\/diarioregionaldigital.com.br\/?p=167355","title":{"rendered":"CBDA apresenta crit\u00e9rios de convoca\u00e7\u00e3o dos atletas de maratona aqu\u00e1tica"},"content":{"rendered":"<p><span style=\"font-weight: 400;\">A Confedera\u00e7\u00e3o Brasileira de Desportos Aqu\u00e1ticos (CBDA), divulgou uma lista contendo os crit\u00e9rios necess\u00e1rios para a convoca\u00e7\u00e3o de atletas para a Seletiva Ol\u00edmpica de Maratonas Aqu\u00e1ticas, visando os Jogos Ol\u00edmpicos de T\u00f3quio, adiados para 2021.\u00a0<\/span><\/p>\n<p><span style=\"font-weight: 400;\">A entidade diz que a sele\u00e7\u00e3o de atletas deve ser feita no dia 6 de mar\u00e7o do pr\u00f3ximo ano, entretanto a programa\u00e7\u00e3o e local ainda n\u00e3o foram definidos. Desta seletiva, sair\u00e3o dois atletas que representar\u00e3o o Brasil na Seletiva Ol\u00edmpica Mundial, marcada para os dias 29 e 30 de maio de 2021, em Fukuoka, no Jap\u00e3o. Nesta Seletiva Ol\u00edmpica, o Brasil pode garantir mais um atleta na prova de 10 km das Olimp\u00edadas.<\/span><\/p>\n<p><span style=\"font-weight: 400;\">\u201cAp\u00f3s consultarmos o Conselho T\u00e9cnico Nacional, decidimos marcar a data da Seletiva Ol\u00edmpica masculina, onde ser\u00e3o escolhidos os dois atletas para o Brasil. Selecionaremos os atletas e os treinadores. A divulga\u00e7\u00e3o com anteced\u00eancia faz parte da nossa pol\u00edtica de transpar\u00eancia e para todos poderem se programar com tranquilidade\u201d, disse o diretor de Maratonas Aqu\u00e1ticas da CBDA, Sergio Silva.<\/span><\/p>\n<p><span style=\"font-weight: 400;\">A Maratona Aqu\u00e1tica \u00e9 uma das modalidades inclu\u00eddas nas Olimp\u00edadas de T\u00f3quio, na qual o Brasil est\u00e1 garantido at\u00e9 ent\u00e3o. A atleta Ana Marcela Cunha conquistou sua vaga no Mundial de Esportes Aqu\u00e1ticos de Gwangju, em 2019. Agora, a sele\u00e7\u00e3o brasileira busca um lugar entre os homens.<\/span><\/p>\n<p><span style=\"font-weight: 400;\">Al\u00e9m disso, seis atletas foram enviados pela CBDA a Portugal para acelerarem sua retomada aos treinamentos de olho nas competi\u00e7\u00f5es de 2021 e um lugar nos Jogos Ol\u00edmpicos de T\u00f3quio.<\/span><\/p>\n","protected":false},"excerpt":{"rendered":"<p>A Confedera\u00e7\u00e3o Brasileira de Desportos Aqu\u00e1ticos (CBDA), divulgou uma lista contendo os crit\u00e9rios necess\u00e1rios para a convoca\u00e7\u00e3o de atletas para a Seletiva Ol\u00edmpica de Maratonas Aqu\u00e1ticas, visando os Jogos Ol\u00edmpicos de T\u00f3quio, adiados para 2021.\u00a0 A entidade diz que a sele\u00e7\u00e3o de atletas deve ser feita no dia 6 de mar\u00e7o do pr\u00f3ximo ano, entretanto [&hellip;]<\/p>\n","protected":false},"author":96,"featured_media":167356,"comment_status":"closed","ping_status":"closed","sticky":false,"template":"","format":"standard","meta":{"footnotes":""},"categories":[436,257,439],"tags":[],"class_list":["post-167355","post","type-post","status-publish","format-standard","has-post-thumbnail","hentry","category-destaque-da-semana","category-esporte","category-ultima-hora"],"_links":{"self":[{"href":"https:\/\/diarioregionaldigital.com.br\/index.php?rest_route=\/wp\/v2\/posts\/167355","targetHints":{"allow":["GET"]}}],"collection":[{"href":"https:\/\/diarioregionaldigital.com.br\/index.php?rest_route=\/wp\/v2\/posts"}],"about":[{"href":"https:\/\/diarioregionaldigital.com.br\/index.php?rest_route=\/wp\/v2\/types\/post"}],"author":[{"embeddable":true,"href":"https:\/\/diarioregionaldigital.com.br\/index.php?rest_route=\/wp\/v2\/users\/96"}],"replies":[{"embeddable":true,"href":"https:\/\/diarioregionaldigital.com.br\/index.php?rest_route=%2Fwp%2Fv2%2Fcomments&post=167355"}],"version-history":[{"count":0,"href":"https:\/\/diarioregionaldigital.com.br\/index.php?rest_route=\/wp\/v2\/posts\/167355\/revisions"}],"wp:featuredmedia":[{"embeddable":true,"href":"https:\/\/diarioregionaldigital.com.br\/index.php?rest_route=\/wp\/v2\/media\/167356"}],"wp:attachment":[{"href":"https:\/\/diarioregionaldigital.com.br\/index.php?rest_route=%2Fwp%2Fv2%2Fmedia&parent=167355"}],"wp:term":[{"taxonomy":"category","embeddable":true,"href":"https:\/\/diarioregionaldigital.com.br\/index.php?rest_route=%2Fwp%2Fv2%2Fcategories&post=167355"},{"taxonomy":"post_tag","embeddable":true,"href":"https:\/\/diarioregionaldigital.com.br\/index.php?rest_route=%2Fwp%2Fv2%2Ftags&post=167355"}],"curies":[{"name":"wp","href":"https:\/\/api.w.org\/{rel}","templated":true}]}}