{"id":167352,"date":"2020-08-21T15:01:10","date_gmt":"2020-08-21T18:01:10","guid":{"rendered":"https:\/\/diarioregionaldigital.com.br\/?p=167352"},"modified":"2020-08-21T15:01:10","modified_gmt":"2020-08-21T18:01:10","slug":"frota-de-onibus-coletivo-volta-a-circular-de-forma-parcial-em-juiz-de-fora","status":"publish","type":"post","link":"https:\/\/diarioregionaldigital.com.br\/?p=167352","title":{"rendered":"Frota de \u00f4nibus coletivo volta a circular de forma parcial em Juiz de Fora"},"content":{"rendered":"<p><span style=\"font-weight: 400;\">Ap\u00f3s tr\u00eas dias desde o in\u00edcio da greve dos funcion\u00e1rios, o Transporte Coletivo Urbano (TCU) de Juiz de Fora, teve sua frota de \u00f4nibus circulando de forma parcial pelo munic\u00edpio nesta sexta-feira (21), em meio ao quarto dia de paralisa\u00e7\u00e3o. A decis\u00e3o de retomar com parte dos servi\u00e7os, se deu ap\u00f3s o Tribunal Regional do Trabalho (TRT), impor multa no valor de R$ 50 mil ao Sindicato dos Trabalhadores em Empresas de Transporte Coletivo Urbano (Sinttro), por conta do descumprimento da ordem judicial, que prev\u00ea cumprimento de 70% da frota de \u00f4nibus em circula\u00e7\u00e3o, determinado pelo desembargador do trabalho Fernando Luiz Gon\u00e7alves Rios, da Secretaria de Diss\u00eddios Coletivos e Individuais do TRT.<\/span><\/p>\n<p><span style=\"font-weight: 400;\">Inclusive, ele determinou que se a ordem judicial for descumprida, haver\u00e1 majora\u00e7\u00e3o do valor da multa em R$ 70 mil. O desembargador determinou tamb\u00e9m o bloqueio de contas do Sinttro.<\/span><\/p>\n<p><span style=\"font-weight: 400;\">Al\u00e9m disso, o Sindicato trabalha para garantir a presen\u00e7a de 60% da frota nas ruas da cidade, mas que a greve ir\u00e1 prosseguir, uma vez que tenta negociar com as empresas sobre a quest\u00e3o dos direitos e benef\u00edcios dos funcion\u00e1rios.<\/span><\/p>\n<p><span style=\"font-weight: 400;\">Mesmo com alguns \u00f4nibus coletivos estarem em circula\u00e7\u00e3o, as vans escolares seguem trabalhando para auxiliar no transporte da popula\u00e7\u00e3o, determinado pela Secretaria de Transportes e Tr\u00e2nsito (Settra) da Prefeitura de Juiz de Fora (PJF). O transporte estar\u00e1 em circula\u00e7\u00e3o enquanto durar a greve, total ou parcial. O valor cobrado \u00e9 o mesmo dos \u00f4nibus coletivos, R$ 3,75.<\/span><\/p>\n<p><b>A paralisa\u00e7\u00e3o<\/b><\/p>\n<p><span style=\"font-weight: 400;\">Desde a 00h01 de ter\u00e7a-feira, o transporte coletivo foi suspenso e os funcion\u00e1rios est\u00e3o em greve por tempo indeterminado. Conforme o Sinttro, os motivos s\u00e3o por conta de redu\u00e7\u00e3o das cestas b\u00e1sicas e tamb\u00e9m do corte de 50% dos sal\u00e1rios, al\u00e9m do n\u00e3o pagamento do m\u00eas de julho.<\/span><\/p>\n<p><b>Crise nas empresas de \u00f4nibus<\/b><\/p>\n<p><span style=\"font-weight: 400;\">Por conta da pandemia do novo Coronav\u00edrus, as empresas de \u00f4nibus do munic\u00edpio t\u00eam d\u00edvidas de R$ 7 milh\u00f5es desde o m\u00eas de mar\u00e7o, conforme a Astransp. Segundo informa\u00e7\u00f5es dos cons\u00f3rcios, desde outubro de 2019, o n\u00famero de passageiros pagantes ultrapassou a marca de 7 milh\u00f5es. J\u00e1 em mar\u00e7o e abril deste ano, o n\u00famero caiu para 4,9 e 2,2 milh\u00f5es respectivamente.<\/span><\/p>\n<p><span style=\"font-weight: 400;\">Diante disso, as empresas alegam que a queda de usu\u00e1rios nos \u00f4nibus gerou desequil\u00edbrio financeiro e no contrato de recess\u00e3o. Al\u00e9m disso, os representantes j\u00e1 se reuniram com a Prefeitura de Juiz de Fora, para negociar reequil\u00edbrio financeiro dos contratos de concess\u00e3o do transporte.<\/span><\/p>\n<p>&nbsp;<\/p>\n<p>&nbsp;<\/p>\n","protected":false},"excerpt":{"rendered":"<p>Ap\u00f3s tr\u00eas dias desde o in\u00edcio da greve dos funcion\u00e1rios, o Transporte Coletivo Urbano (TCU) de Juiz de Fora, teve sua frota de \u00f4nibus circulando de forma parcial pelo munic\u00edpio nesta sexta-feira (21), em meio ao quarto dia de paralisa\u00e7\u00e3o. A decis\u00e3o de retomar com parte dos servi\u00e7os, se deu ap\u00f3s o Tribunal Regional do [&hellip;]<\/p>\n","protected":false},"author":96,"featured_media":167353,"comment_status":"closed","ping_status":"closed","sticky":false,"template":"","format":"standard","meta":{"footnotes":""},"categories":[253,436,440,439],"tags":[],"class_list":["post-167352","post","type-post","status-publish","format-standard","has-post-thumbnail","hentry","category-cidade","category-destaque-da-semana","category-destaques-do-dia","category-ultima-hora"],"_links":{"self":[{"href":"https:\/\/diarioregionaldigital.com.br\/index.php?rest_route=\/wp\/v2\/posts\/167352","targetHints":{"allow":["GET"]}}],"collection":[{"href":"https:\/\/diarioregionaldigital.com.br\/index.php?rest_route=\/wp\/v2\/posts"}],"about":[{"href":"https:\/\/diarioregionaldigital.com.br\/index.php?rest_route=\/wp\/v2\/types\/post"}],"author":[{"embeddable":true,"href":"https:\/\/diarioregionaldigital.com.br\/index.php?rest_route=\/wp\/v2\/users\/96"}],"replies":[{"embeddable":true,"href":"https:\/\/diarioregionaldigital.com.br\/index.php?rest_route=%2Fwp%2Fv2%2Fcomments&post=167352"}],"version-history":[{"count":0,"href":"https:\/\/diarioregionaldigital.com.br\/index.php?rest_route=\/wp\/v2\/posts\/167352\/revisions"}],"wp:featuredmedia":[{"embeddable":true,"href":"https:\/\/diarioregionaldigital.com.br\/index.php?rest_route=\/wp\/v2\/media\/167353"}],"wp:attachment":[{"href":"https:\/\/diarioregionaldigital.com.br\/index.php?rest_route=%2Fwp%2Fv2%2Fmedia&parent=167352"}],"wp:term":[{"taxonomy":"category","embeddable":true,"href":"https:\/\/diarioregionaldigital.com.br\/index.php?rest_route=%2Fwp%2Fv2%2Fcategories&post=167352"},{"taxonomy":"post_tag","embeddable":true,"href":"https:\/\/diarioregionaldigital.com.br\/index.php?rest_route=%2Fwp%2Fv2%2Ftags&post=167352"}],"curies":[{"name":"wp","href":"https:\/\/api.w.org\/{rel}","templated":true}]}}