{"id":167350,"date":"2020-08-21T12:08:25","date_gmt":"2020-08-21T15:08:25","guid":{"rendered":"https:\/\/diarioregionaldigital.com.br\/?p=167350"},"modified":"2020-08-21T12:08:25","modified_gmt":"2020-08-21T15:08:25","slug":"pm-encontra-arma-de-fogo-em-apartamento-no-centro","status":"publish","type":"post","link":"https:\/\/diarioregionaldigital.com.br\/?p=167350","title":{"rendered":"PM encontra arma de fogo em apartamento no Centro"},"content":{"rendered":"<p>A Pol\u00edcia Militar (PM), recebeu den\u00fancia sobre um indiv\u00edduo que estaria com posse ilegal de arma de fogo, no Centro de Juiz de Fora. Os militares foram at\u00e9 o local e encontraram o autor, que ao avistar a viatura, mostrou nervosismo e durante abordagem, foi submetido a busca pessoal e foi apreendido uma pistola calibre 635, carregada com cinco muni\u00e7\u00f5es intactas de calibre 22, al\u00e9m de sete muni\u00e7\u00f5es do mesmo calibre e um carregador de pistola calibre 635. Segundo o autor, este estava se dirigindo at\u00e9 a casa do alvo da den\u00fancia. Ap\u00f3s franqueada a entrada no apartamento nada de irregular foi encontrado. O autor foi preso em flagrante delito e encaminhado \u00e0 presen\u00e7a da autoridade de pol\u00edcia judici\u00e1ria para as demais provid\u00eancias.<\/p>\n","protected":false},"excerpt":{"rendered":"<p>A Pol\u00edcia Militar (PM), recebeu den\u00fancia sobre um indiv\u00edduo que estaria com posse ilegal de arma de fogo, no Centro de Juiz de Fora. Os militares foram at\u00e9 o local e encontraram o autor, que ao avistar a viatura, mostrou nervosismo e durante abordagem, foi submetido a busca pessoal e foi apreendido uma pistola calibre [&hellip;]<\/p>\n","protected":false},"author":96,"featured_media":165308,"comment_status":"closed","ping_status":"closed","sticky":false,"template":"","format":"standard","meta":{"footnotes":""},"categories":[301,436,439],"tags":[],"class_list":["post-167350","post","type-post","status-publish","format-standard","has-post-thumbnail","hentry","category-artigos-policiais","category-destaque-da-semana","category-ultima-hora"],"_links":{"self":[{"href":"https:\/\/diarioregionaldigital.com.br\/index.php?rest_route=\/wp\/v2\/posts\/167350","targetHints":{"allow":["GET"]}}],"collection":[{"href":"https:\/\/diarioregionaldigital.com.br\/index.php?rest_route=\/wp\/v2\/posts"}],"about":[{"href":"https:\/\/diarioregionaldigital.com.br\/index.php?rest_route=\/wp\/v2\/types\/post"}],"author":[{"embeddable":true,"href":"https:\/\/diarioregionaldigital.com.br\/index.php?rest_route=\/wp\/v2\/users\/96"}],"replies":[{"embeddable":true,"href":"https:\/\/diarioregionaldigital.com.br\/index.php?rest_route=%2Fwp%2Fv2%2Fcomments&post=167350"}],"version-history":[{"count":0,"href":"https:\/\/diarioregionaldigital.com.br\/index.php?rest_route=\/wp\/v2\/posts\/167350\/revisions"}],"wp:featuredmedia":[{"embeddable":true,"href":"https:\/\/diarioregionaldigital.com.br\/index.php?rest_route=\/wp\/v2\/media\/165308"}],"wp:attachment":[{"href":"https:\/\/diarioregionaldigital.com.br\/index.php?rest_route=%2Fwp%2Fv2%2Fmedia&parent=167350"}],"wp:term":[{"taxonomy":"category","embeddable":true,"href":"https:\/\/diarioregionaldigital.com.br\/index.php?rest_route=%2Fwp%2Fv2%2Fcategories&post=167350"},{"taxonomy":"post_tag","embeddable":true,"href":"https:\/\/diarioregionaldigital.com.br\/index.php?rest_route=%2Fwp%2Fv2%2Ftags&post=167350"}],"curies":[{"name":"wp","href":"https:\/\/api.w.org\/{rel}","templated":true}]}}