{"id":167348,"date":"2020-08-21T11:58:51","date_gmt":"2020-08-21T14:58:51","guid":{"rendered":"https:\/\/diarioregionaldigital.com.br\/?p=167348"},"modified":"2020-08-21T11:58:51","modified_gmt":"2020-08-21T14:58:51","slug":"jovem-e-ferido-a-facadas-durante-assalto-no-bairro-fontesville-i","status":"publish","type":"post","link":"https:\/\/diarioregionaldigital.com.br\/?p=167348","title":{"rendered":"Jovem \u00e9 ferido a facadas durante assalto no Bairro Fontesville I"},"content":{"rendered":"<p>Na madrugada desta sexta-feira (21), um jovem de 20 anos, relato \u00e0 Pol\u00edcia Militar (PM), que transitava pela Av. Raimundo Argreaves, foi abordado por tr\u00eas indiv\u00edduos, sendo que um deles estava armado com faca. Os assaltantes exigiram que a v\u00edtima entregasse o telefone celular, entretanto a mesma recusou e entrou em luta corporal contra os autores. Durante o ato, o jovem foi atingido com duas facadas, uma na perna esquerda e a outra na m\u00e3o. Ap\u00f3s o ato, os suspeitos fugiram do local e n\u00e3o foram encontrados.<\/p>\n<p>A equipe do Samu foi acionada e ap\u00f3s os primeiros socorros, conduziu a v\u00edtima para o Hospital Pronto Socorro (HPS), o qual foi avaliado pela m\u00e9dica de plant\u00e3o que constatou as les\u00f5es. Diante disso, o jovem foi encaminhado ao centro cir\u00fargico.<\/p>\n","protected":false},"excerpt":{"rendered":"<p>Na madrugada desta sexta-feira (21), um jovem de 20 anos, relato \u00e0 Pol\u00edcia Militar (PM), que transitava pela Av. Raimundo Argreaves, foi abordado por tr\u00eas indiv\u00edduos, sendo que um deles estava armado com faca. Os assaltantes exigiram que a v\u00edtima entregasse o telefone celular, entretanto a mesma recusou e entrou em luta corporal contra os [&hellip;]<\/p>\n","protected":false},"author":96,"featured_media":165308,"comment_status":"closed","ping_status":"closed","sticky":false,"template":"","format":"standard","meta":{"footnotes":""},"categories":[301,436,439],"tags":[],"class_list":["post-167348","post","type-post","status-publish","format-standard","has-post-thumbnail","hentry","category-artigos-policiais","category-destaque-da-semana","category-ultima-hora"],"_links":{"self":[{"href":"https:\/\/diarioregionaldigital.com.br\/index.php?rest_route=\/wp\/v2\/posts\/167348","targetHints":{"allow":["GET"]}}],"collection":[{"href":"https:\/\/diarioregionaldigital.com.br\/index.php?rest_route=\/wp\/v2\/posts"}],"about":[{"href":"https:\/\/diarioregionaldigital.com.br\/index.php?rest_route=\/wp\/v2\/types\/post"}],"author":[{"embeddable":true,"href":"https:\/\/diarioregionaldigital.com.br\/index.php?rest_route=\/wp\/v2\/users\/96"}],"replies":[{"embeddable":true,"href":"https:\/\/diarioregionaldigital.com.br\/index.php?rest_route=%2Fwp%2Fv2%2Fcomments&post=167348"}],"version-history":[{"count":0,"href":"https:\/\/diarioregionaldigital.com.br\/index.php?rest_route=\/wp\/v2\/posts\/167348\/revisions"}],"wp:featuredmedia":[{"embeddable":true,"href":"https:\/\/diarioregionaldigital.com.br\/index.php?rest_route=\/wp\/v2\/media\/165308"}],"wp:attachment":[{"href":"https:\/\/diarioregionaldigital.com.br\/index.php?rest_route=%2Fwp%2Fv2%2Fmedia&parent=167348"}],"wp:term":[{"taxonomy":"category","embeddable":true,"href":"https:\/\/diarioregionaldigital.com.br\/index.php?rest_route=%2Fwp%2Fv2%2Fcategories&post=167348"},{"taxonomy":"post_tag","embeddable":true,"href":"https:\/\/diarioregionaldigital.com.br\/index.php?rest_route=%2Fwp%2Fv2%2Ftags&post=167348"}],"curies":[{"name":"wp","href":"https:\/\/api.w.org\/{rel}","templated":true}]}}