{"id":167346,"date":"2020-08-21T11:52:53","date_gmt":"2020-08-21T14:52:53","guid":{"rendered":"https:\/\/diarioregionaldigital.com.br\/?p=167346"},"modified":"2020-08-21T11:52:53","modified_gmt":"2020-08-21T14:52:53","slug":"posto-de-combustivel-e-assaltado-no-distrito-industrial","status":"publish","type":"post","link":"https:\/\/diarioregionaldigital.com.br\/?p=167346","title":{"rendered":"Posto de combust\u00edvel \u00e9 assaltado no Distrito Industrial"},"content":{"rendered":"<p>Na noite de quinta-feira (20), um jovem de 19 anos, com posse de arma de fogo, assaltou um posto de combust\u00edvel no Bairro Distrito Industrial (Regi\u00e3o Norte) em Juiz de Fora. Segundo relatos das v\u00edtimas, o autor trajava balaclava e roubou a quantia de R$ 640,00 e logo em seguida fugiu do local. A Pol\u00edcia Militar (PM) foi acionada e durante rastreamento, chegou \u00e0 resid\u00eancia do suspeito, que n\u00e3o estava presente. Dando prosseguimento \u00e0s dilig\u00eancias, ele foi encontrado nas imedia\u00e7\u00f5es e foi abordado pela guarni\u00e7\u00e3o.<\/p>\n<p>Instantes depois, retornaram ao im\u00f3vel e durante buscas, foram encontradas as pe\u00e7as de roupa utilizadas pelo autor, al\u00e9m do dinheiro que havia sido roubado do posto. Ao ser questionado sobre a arma de fogo utilizada no crime, o indiv\u00edduo relata que arremessou o objeto em um c\u00f3rrego. Diante dos fatos, o suspeito foi preso em flagrante e conduzido para a Delegacia.<\/p>\n","protected":false},"excerpt":{"rendered":"<p>Na noite de quinta-feira (20), um jovem de 19 anos, com posse de arma de fogo, assaltou um posto de combust\u00edvel no Bairro Distrito Industrial (Regi\u00e3o Norte) em Juiz de Fora. Segundo relatos das v\u00edtimas, o autor trajava balaclava e roubou a quantia de R$ 640,00 e logo em seguida fugiu do local. A Pol\u00edcia [&hellip;]<\/p>\n","protected":false},"author":96,"featured_media":165308,"comment_status":"closed","ping_status":"closed","sticky":false,"template":"","format":"standard","meta":{"footnotes":""},"categories":[301,436,439],"tags":[],"class_list":["post-167346","post","type-post","status-publish","format-standard","has-post-thumbnail","hentry","category-artigos-policiais","category-destaque-da-semana","category-ultima-hora"],"_links":{"self":[{"href":"https:\/\/diarioregionaldigital.com.br\/index.php?rest_route=\/wp\/v2\/posts\/167346","targetHints":{"allow":["GET"]}}],"collection":[{"href":"https:\/\/diarioregionaldigital.com.br\/index.php?rest_route=\/wp\/v2\/posts"}],"about":[{"href":"https:\/\/diarioregionaldigital.com.br\/index.php?rest_route=\/wp\/v2\/types\/post"}],"author":[{"embeddable":true,"href":"https:\/\/diarioregionaldigital.com.br\/index.php?rest_route=\/wp\/v2\/users\/96"}],"replies":[{"embeddable":true,"href":"https:\/\/diarioregionaldigital.com.br\/index.php?rest_route=%2Fwp%2Fv2%2Fcomments&post=167346"}],"version-history":[{"count":0,"href":"https:\/\/diarioregionaldigital.com.br\/index.php?rest_route=\/wp\/v2\/posts\/167346\/revisions"}],"wp:featuredmedia":[{"embeddable":true,"href":"https:\/\/diarioregionaldigital.com.br\/index.php?rest_route=\/wp\/v2\/media\/165308"}],"wp:attachment":[{"href":"https:\/\/diarioregionaldigital.com.br\/index.php?rest_route=%2Fwp%2Fv2%2Fmedia&parent=167346"}],"wp:term":[{"taxonomy":"category","embeddable":true,"href":"https:\/\/diarioregionaldigital.com.br\/index.php?rest_route=%2Fwp%2Fv2%2Fcategories&post=167346"},{"taxonomy":"post_tag","embeddable":true,"href":"https:\/\/diarioregionaldigital.com.br\/index.php?rest_route=%2Fwp%2Fv2%2Ftags&post=167346"}],"curies":[{"name":"wp","href":"https:\/\/api.w.org\/{rel}","templated":true}]}}