{"id":167344,"date":"2020-08-21T11:46:34","date_gmt":"2020-08-21T14:46:34","guid":{"rendered":"https:\/\/diarioregionaldigital.com.br\/?p=167344"},"modified":"2020-08-21T11:46:34","modified_gmt":"2020-08-21T14:46:34","slug":"suspeito-de-envolvimento-em-trafico-de-drogas-e-preso-no-bairro-linhares","status":"publish","type":"post","link":"https:\/\/diarioregionaldigital.com.br\/?p=167344","title":{"rendered":"Suspeito de envolvimento em tr\u00e1fico de drogas \u00e9 preso no Bairro Linhares"},"content":{"rendered":"<p>Na noite de quinta-feira (20), a Pol\u00edcia Militar (PM), prendeu um jovem de 26 anos, suspeito de envolvimento em tr\u00e1fico de drogas no Bairro Linhares (Regi\u00e3o Leste) em Juiz de Fora. No local, os policiais localizaram o autor, que ao notar a presen\u00e7a da guarni\u00e7\u00e3o, arremessou um objeto sobre o telhado de uma casa. O suspeito empreendeu fuga, mas foi abordado pelos militares. Logo em seguida foi feita busca pessoal e foi encontrada a quantia de R$ 151,00 em dinheiro. No trajeto da fuga, foram encontrados um aparelho celular, uma balan\u00e7a de precis\u00e3o, 23 pedras de crack, 16 buchas e uma barra de maconha.<\/p>\n<p>Quanto ao material arremessado no telhado, os policiais recuperaram tal evid\u00eancia e trata-se de um inv\u00f3lucro contendo coca\u00edna. Diante dos fatos, o autor foi preso em flagrante e conduzido para a Delegacia, junto com os materiais apreendidos.<\/p>\n","protected":false},"excerpt":{"rendered":"<p>Na noite de quinta-feira (20), a Pol\u00edcia Militar (PM), prendeu um jovem de 26 anos, suspeito de envolvimento em tr\u00e1fico de drogas no Bairro Linhares (Regi\u00e3o Leste) em Juiz de Fora. No local, os policiais localizaram o autor, que ao notar a presen\u00e7a da guarni\u00e7\u00e3o, arremessou um objeto sobre o telhado de uma casa. O [&hellip;]<\/p>\n","protected":false},"author":96,"featured_media":165308,"comment_status":"closed","ping_status":"closed","sticky":false,"template":"","format":"standard","meta":{"footnotes":""},"categories":[301,436,439],"tags":[],"class_list":["post-167344","post","type-post","status-publish","format-standard","has-post-thumbnail","hentry","category-artigos-policiais","category-destaque-da-semana","category-ultima-hora"],"_links":{"self":[{"href":"https:\/\/diarioregionaldigital.com.br\/index.php?rest_route=\/wp\/v2\/posts\/167344","targetHints":{"allow":["GET"]}}],"collection":[{"href":"https:\/\/diarioregionaldigital.com.br\/index.php?rest_route=\/wp\/v2\/posts"}],"about":[{"href":"https:\/\/diarioregionaldigital.com.br\/index.php?rest_route=\/wp\/v2\/types\/post"}],"author":[{"embeddable":true,"href":"https:\/\/diarioregionaldigital.com.br\/index.php?rest_route=\/wp\/v2\/users\/96"}],"replies":[{"embeddable":true,"href":"https:\/\/diarioregionaldigital.com.br\/index.php?rest_route=%2Fwp%2Fv2%2Fcomments&post=167344"}],"version-history":[{"count":0,"href":"https:\/\/diarioregionaldigital.com.br\/index.php?rest_route=\/wp\/v2\/posts\/167344\/revisions"}],"wp:featuredmedia":[{"embeddable":true,"href":"https:\/\/diarioregionaldigital.com.br\/index.php?rest_route=\/wp\/v2\/media\/165308"}],"wp:attachment":[{"href":"https:\/\/diarioregionaldigital.com.br\/index.php?rest_route=%2Fwp%2Fv2%2Fmedia&parent=167344"}],"wp:term":[{"taxonomy":"category","embeddable":true,"href":"https:\/\/diarioregionaldigital.com.br\/index.php?rest_route=%2Fwp%2Fv2%2Fcategories&post=167344"},{"taxonomy":"post_tag","embeddable":true,"href":"https:\/\/diarioregionaldigital.com.br\/index.php?rest_route=%2Fwp%2Fv2%2Ftags&post=167344"}],"curies":[{"name":"wp","href":"https:\/\/api.w.org\/{rel}","templated":true}]}}