{"id":167342,"date":"2020-08-21T10:58:17","date_gmt":"2020-08-21T13:58:17","guid":{"rendered":"https:\/\/diarioregionaldigital.com.br\/?p=167342"},"modified":"2020-08-21T10:58:17","modified_gmt":"2020-08-21T13:58:17","slug":"ses-mg-registra-155-339-casos-recuperados-de-coronavirus","status":"publish","type":"post","link":"https:\/\/diarioregionaldigital.com.br\/?p=167342","title":{"rendered":"SES-MG registra 155.339 casos recuperados de Coronav\u00edrus"},"content":{"rendered":"<p>O novo\u00a0<a href=\"https:\/\/www.saude.mg.gov.br\/images\/noticias_e_eventos\/000_2020\/Boletins_Corona\/21.08_Boletim_Epidemiologico_COVID-19_.pdf\">boletim epidemiol\u00f3gic<\/a>o divulgado nesta sexta-feira (21), pela Secretaria de Estado da Sa\u00fade de Minas Gerais (SES-MG), indica que o estado acumula 155.339 casos recuperados de Coronav\u00edrus, representando 82,3% dos casos. Al\u00e9m disso, nas \u00faltimas 24h foram registradas mais 3.561 novos casos, totalizando 188.623. Conforme o levantamento, houve aumento de 120 \u00f3bitos, contabilizando 4.663. O boletim diz que 2.671 v\u00edtimas s\u00e3o do sexo masculino e 1.992 s\u00e3o do feminino.<\/p>\n<p>De acordo com os dados, 28.261 fazem acompanhamento m\u00e9dico. At\u00e9 ent\u00e3o foram feitos 97.159 testes laboratoriais, sendo que 24.194 deram positivo, 69.705 deram negativo e 1.568 est\u00e3o sob an\u00e1lise. Quanto aos dados de hospitaliza\u00e7\u00e3o, 19.914 pacientes infectados est\u00e3o internados em hospitais e 168.709 fazem isolamento domiciliar.<\/p>\n","protected":false},"excerpt":{"rendered":"<p>O novo\u00a0boletim epidemiol\u00f3gico divulgado nesta sexta-feira (21), pela Secretaria de Estado da Sa\u00fade de Minas Gerais (SES-MG), indica que o estado acumula 155.339 casos recuperados de Coronav\u00edrus, representando 82,3% dos casos. Al\u00e9m disso, nas \u00faltimas 24h foram registradas mais 3.561 novos casos, totalizando 188.623. Conforme o levantamento, houve aumento de 120 \u00f3bitos, contabilizando 4.663. O [&hellip;]<\/p>\n","protected":false},"author":96,"featured_media":163486,"comment_status":"closed","ping_status":"closed","sticky":false,"template":"","format":"standard","meta":{"footnotes":""},"categories":[436,440,252,439],"tags":[],"class_list":["post-167342","post","type-post","status-publish","format-standard","has-post-thumbnail","hentry","category-destaque-da-semana","category-destaques-do-dia","category-regiao","category-ultima-hora"],"_links":{"self":[{"href":"https:\/\/diarioregionaldigital.com.br\/index.php?rest_route=\/wp\/v2\/posts\/167342","targetHints":{"allow":["GET"]}}],"collection":[{"href":"https:\/\/diarioregionaldigital.com.br\/index.php?rest_route=\/wp\/v2\/posts"}],"about":[{"href":"https:\/\/diarioregionaldigital.com.br\/index.php?rest_route=\/wp\/v2\/types\/post"}],"author":[{"embeddable":true,"href":"https:\/\/diarioregionaldigital.com.br\/index.php?rest_route=\/wp\/v2\/users\/96"}],"replies":[{"embeddable":true,"href":"https:\/\/diarioregionaldigital.com.br\/index.php?rest_route=%2Fwp%2Fv2%2Fcomments&post=167342"}],"version-history":[{"count":0,"href":"https:\/\/diarioregionaldigital.com.br\/index.php?rest_route=\/wp\/v2\/posts\/167342\/revisions"}],"wp:featuredmedia":[{"embeddable":true,"href":"https:\/\/diarioregionaldigital.com.br\/index.php?rest_route=\/wp\/v2\/media\/163486"}],"wp:attachment":[{"href":"https:\/\/diarioregionaldigital.com.br\/index.php?rest_route=%2Fwp%2Fv2%2Fmedia&parent=167342"}],"wp:term":[{"taxonomy":"category","embeddable":true,"href":"https:\/\/diarioregionaldigital.com.br\/index.php?rest_route=%2Fwp%2Fv2%2Fcategories&post=167342"},{"taxonomy":"post_tag","embeddable":true,"href":"https:\/\/diarioregionaldigital.com.br\/index.php?rest_route=%2Fwp%2Fv2%2Ftags&post=167342"}],"curies":[{"name":"wp","href":"https:\/\/api.w.org\/{rel}","templated":true}]}}