{"id":167338,"date":"2020-08-21T13:00:47","date_gmt":"2020-08-21T16:00:47","guid":{"rendered":"https:\/\/diarioregionaldigital.com.br\/?p=167338"},"modified":"2020-08-21T02:12:56","modified_gmt":"2020-08-21T05:12:56","slug":"volta-do-brasileirao-divide-opinioes-em-debate-de-comissao-externa-sobre-o-coronavirus","status":"publish","type":"post","link":"https:\/\/diarioregionaldigital.com.br\/?p=167338","title":{"rendered":"Volta do Brasileir\u00e3o divide opini\u00f5es em debate de comiss\u00e3o externa sobre o coronav\u00edrus"},"content":{"rendered":"<p>Comentaristas esportivos convidados pela comiss\u00e3o externa da C\u00e2mara dos Deputados que acompanha a\u00e7\u00f5es de combate ao novo coronav\u00edrus criticaram a volta dos campeonatos de futebol diante do n\u00famero de mortes causadas pela pandemia. Apesar das cr\u00edticas, dirigentes dos clubes e da Confedera\u00e7\u00e3o Brasileira de Futebol (CBF) afirmaram que os protocolos adotados s\u00e3o eficientes e que n\u00e3o h\u00e1, at\u00e9 agora, nenhum ind\u00edcio de contamina\u00e7\u00e3o durante os jogos.<\/p>\n<p>Os cronistas esportivos citaram os cuidados tomados em competi\u00e7\u00f5es internacionais. As finais da Champions League, por exemplo, est\u00e3o sendo realizadas em Portugal, exemplo europeu de controle da pandemia. Os jogos da NBA, a liga norte-americana de basquete, foram concentrados em Orlando, na Fl\u00f3rida.<\/p>\n<p>O jornalista Juca Kfouri acusou os interesses econ\u00f4micos de estarem \u00e0 frente da preocupa\u00e7\u00e3o com a sa\u00fade e apontou como exemplo positivo a decis\u00e3o tomada pelo Jap\u00e3o sobre os Jogos Ol\u00edmpicos.<\/p>\n<p>\u201cN\u00f3s achamos um absurdo paralisar o futebol no Brasil, quando a Olimp\u00edada, o maior evento esportivo do planeta, foi simplesmente adiado por um ano, com todos os preju\u00edzos que isso significa: os econ\u00f4micos, os esportivos e os culturais\u201d, comparou.<\/p>\n<p><strong>Testagem<\/strong><\/p>\n<p>Durante a audi\u00eancia p\u00fablica, m\u00e9dicos de alguns clubes afirmaram que as adapta\u00e7\u00f5es feitas nos centros de treinamento e a testagem dos jogadores t\u00eam dado tranquilidade para a volta dos campeonatos. At\u00e9 o momento, n\u00e3o houve mortes nem casos graves entre os atletas.<\/p>\n<p>M\u00e9dico da CBF respons\u00e1vel pelo Protocolo Nacional, Jorge Pagura declarou que 142 profissionais participaram diretamente da elabora\u00e7\u00e3o das regras. Ele informou que, em tr\u00eas testagens visando ao Campeonato Brasileiro, o n\u00famero de infectados diminuiu de 74 para 16. A incid\u00eancia da doen\u00e7a nos atletas, acrescentou, \u00e9 de 3%. Como 50% dos casos est\u00e3o concentrados em 5 times, a entidade vai refor\u00e7ar as recomenda\u00e7\u00f5es para essas equipes, que incluem a proibi\u00e7\u00e3o da troca de camisas entre os jogadores e as comemora\u00e7\u00f5es de gols.<\/p>\n<p>\u201cTemos cuidados desde a viagem at\u00e9 como se comportar no refeit\u00f3rio. Se tem alguma coisa que precisa ser revista, n\u00f3s j\u00e1 estamos pedindo dentro do protocolo localizado de cada clube\u201d, comentou Pagura.<\/p>\n<p><strong>Seguran\u00e7a sanit\u00e1ria<\/strong><\/p>\n<p>Parlamentares integrantes da comiss\u00e3o externa tamb\u00e9m se dividiram sobre a retomada do Campeonato Brasileiro. O coordenador, deputado Dr. Luiz Antonio Teixeira Jr. (PP-RJ), defendeu a realiza\u00e7\u00e3o das partidas, mas salientou a import\u00e2ncia da testagem efetiva.<\/p>\n<p>O autor do requerimento da audi\u00eancia, deputado Alexandre Padilha (PT-SP), fez men\u00e7\u00e3o ao retorno dos campeonatos na Europa e nos Estados Unidos e solicitou informa\u00e7\u00f5es sobre as a\u00e7\u00f5es do governo federal em rela\u00e7\u00e3o \u00e0 seguran\u00e7a sanit\u00e1ria.<\/p>\n<p>\u201cCampeonato nacional significa circula\u00e7\u00e3o de aeroportos, deslocamento de estados para estados, al\u00e9m da mobiliza\u00e7\u00e3o de pessoas, n\u00e3o s\u00f3 os jogadores\u201d, ressaltou Padilha. \u201cEstamos falando de preparadores, funcion\u00e1rios dos clubes, jornalistas, de toda a atividade econ\u00f4mica que est\u00e1 em torno do futebol.\u201d<\/p>\n<p><strong>P\u00fablico<\/strong><\/p>\n<p>O secret\u00e1rio-geral da CBF, Walter Feldman, lembrou a import\u00e2ncia econ\u00f4mica do futebol profissional, que tem 156 mil trabalhadores e movimenta R$ 54 bilh\u00f5es por ano no Brasil. Ele anunciou um contrato de direitos de transmiss\u00e3o que est\u00e1 sendo feito com 84 pa\u00edses para os jogos das s\u00e9ries A e B.<\/p>\n<p>Tanto a Confedera\u00e7\u00e3o Brasileira de Futebol quanto os clubes tamb\u00e9m mencionaram a pr\u00f3xima preocupa\u00e7\u00e3o do setor: o retorno dos torcedores aos est\u00e1dios.<\/p>\n<p>Segundo o presidente do Flamengo, Rodolfo Landim, as discuss\u00f5es est\u00e3o sendo feitas com cautela. \u201cComo e quando a gente vai permitir a volta da torcida ser\u00e1 decidido ap\u00f3s uma profunda an\u00e1lise, com participa\u00e7\u00e3o das autoridades de sa\u00fade\u201d, declarou.<\/p>\n<p>O presidente da Associa\u00e7\u00e3o Nacional das Torcidas Organizadas do Brasil (Anatorg), Alex Sandro Gomes, alertou que, mesmo sem torcedores nos est\u00e1dios, as pessoas est\u00e3o se aglomerando para assistir \u00e0s partidas, principalmente na periferia das cidades.<\/p>\n<p><strong>Fonte:\u00a0<\/strong>Ag\u00eancia C\u00e2mara<\/p>\n","protected":false},"excerpt":{"rendered":"<p>Comentaristas esportivos convidados pela comiss\u00e3o externa da C\u00e2mara dos Deputados que acompanha a\u00e7\u00f5es de combate ao novo coronav\u00edrus criticaram a volta dos campeonatos de futebol diante do n\u00famero de mortes causadas pela pandemia. Apesar das cr\u00edticas, dirigentes dos clubes e da Confedera\u00e7\u00e3o Brasileira de Futebol (CBF) afirmaram que os protocolos adotados s\u00e3o eficientes e que [&hellip;]<\/p>\n","protected":false},"author":96,"featured_media":167339,"comment_status":"closed","ping_status":"closed","sticky":false,"template":"","format":"standard","meta":{"footnotes":""},"categories":[436,257,439],"tags":[],"class_list":["post-167338","post","type-post","status-publish","format-standard","has-post-thumbnail","hentry","category-destaque-da-semana","category-esporte","category-ultima-hora"],"_links":{"self":[{"href":"https:\/\/diarioregionaldigital.com.br\/index.php?rest_route=\/wp\/v2\/posts\/167338","targetHints":{"allow":["GET"]}}],"collection":[{"href":"https:\/\/diarioregionaldigital.com.br\/index.php?rest_route=\/wp\/v2\/posts"}],"about":[{"href":"https:\/\/diarioregionaldigital.com.br\/index.php?rest_route=\/wp\/v2\/types\/post"}],"author":[{"embeddable":true,"href":"https:\/\/diarioregionaldigital.com.br\/index.php?rest_route=\/wp\/v2\/users\/96"}],"replies":[{"embeddable":true,"href":"https:\/\/diarioregionaldigital.com.br\/index.php?rest_route=%2Fwp%2Fv2%2Fcomments&post=167338"}],"version-history":[{"count":0,"href":"https:\/\/diarioregionaldigital.com.br\/index.php?rest_route=\/wp\/v2\/posts\/167338\/revisions"}],"wp:featuredmedia":[{"embeddable":true,"href":"https:\/\/diarioregionaldigital.com.br\/index.php?rest_route=\/wp\/v2\/media\/167339"}],"wp:attachment":[{"href":"https:\/\/diarioregionaldigital.com.br\/index.php?rest_route=%2Fwp%2Fv2%2Fmedia&parent=167338"}],"wp:term":[{"taxonomy":"category","embeddable":true,"href":"https:\/\/diarioregionaldigital.com.br\/index.php?rest_route=%2Fwp%2Fv2%2Fcategories&post=167338"},{"taxonomy":"post_tag","embeddable":true,"href":"https:\/\/diarioregionaldigital.com.br\/index.php?rest_route=%2Fwp%2Fv2%2Ftags&post=167338"}],"curies":[{"name":"wp","href":"https:\/\/api.w.org\/{rel}","templated":true}]}}