{"id":167335,"date":"2020-08-21T13:00:25","date_gmt":"2020-08-21T16:00:25","guid":{"rendered":"https:\/\/diarioregionaldigital.com.br\/?p=167335"},"modified":"2020-08-21T02:11:40","modified_gmt":"2020-08-21T05:11:40","slug":"arrecadacao-em-julho-e-a-mais-baixa-para-o-mes-desde-2009","status":"publish","type":"post","link":"https:\/\/diarioregionaldigital.com.br\/?p=167335","title":{"rendered":"Arrecada\u00e7\u00e3o em julho \u00e9 a mais baixa para o m\u00eas desde 2009"},"content":{"rendered":"<p>A contra\u00e7\u00e3o da atividade e a suspens\u00e3o de v\u00e1rios tributos durante a pandemia fizeram a arrecada\u00e7\u00e3o federal fechar julho no menor n\u00edvel para o m\u00eas desde 2009. No m\u00eas passado, as receitas da Uni\u00e3o somaram R$ 115,99 bilh\u00f5es, com recuo de 17,68% em rela\u00e7\u00e3o a julho de 2019, descontada a infla\u00e7\u00e3o oficial pelo \u00cdndice Nacional de Pre\u00e7os ao Consumidor Amplo (IPCA).<\/p>\n<p>Nos sete primeiros meses do ano, a arrecada\u00e7\u00e3o federal somou R$ 781,956 bilh\u00f5es. Esse tamb\u00e9m representa o menor valor para o per\u00edodo de janeiro a julho desde 2009. Em rela\u00e7\u00e3o ao mesmo per\u00edodo do ano passado, a arrecada\u00e7\u00e3o acumulada desabou 15,16%, em valores tamb\u00e9m corrigidos pela infla\u00e7\u00e3o.<\/p>\n<p>Segundo a Receita Federal, o principal fator que explica a queda na arrecada\u00e7\u00e3o \u00e9 a crise econ\u00f4mica, que aumentou a compensa\u00e7\u00e3o de tributos em R$ 9,151 bilh\u00f5es entre julho deste ano e o mesmo m\u00eas do ano passado. Por meio da compensa\u00e7\u00e3o, empresas que tiveram preju\u00edzos ou lucros menores que o projetado pedem devolu\u00e7\u00e3o de tributos pagos quando a estimativa de ganhos estava melhor.<\/p>\n<p>A redu\u00e7\u00e3o a zero do Imposto sobre Opera\u00e7\u00f5es Financeiras (IOF) sobre opera\u00e7\u00f5es de cr\u00e9dito, em vigor at\u00e9 outubro, diminuiu a arrecada\u00e7\u00e3o federal em R$ 2,351 bilh\u00f5es em julho. O adiamento de tributos durante a pandemia teve impacto negativo de R$ 516 milh\u00f5es nas receitas do m\u00eas passado.<\/p>\n<p><strong>Leve recupera\u00e7\u00e3o<\/strong><\/p>\n<p>Apesar de os resultados terem sido os mais baixos desde 2009, a arrecada\u00e7\u00e3o melhorou na compara\u00e7\u00e3o com o mesmo m\u00eas do ano anterior. O recuo real (descontada a infla\u00e7\u00e3o) de 17,68% em julho representa desempenho melhor em rela\u00e7\u00e3o \u00e0s quedas observadas em abril (-28,95%), maio (-32,92%) e junho (-29,59%).<\/p>\n<p>Em rela\u00e7\u00e3o aos tributos, a maior contribui\u00e7\u00e3o para a queda da arrecada\u00e7\u00e3o de julho decorreu do Imposto de Renda Pessoa Jur\u00eddica (IRPJ) e da Contribui\u00e7\u00e3o Social sobre o Lucro L\u00edquido, que encolheram 21,54% em rela\u00e7\u00e3o a julho do ano passado descontando a infla\u00e7\u00e3o. Em seguida, v\u00eam o Programa de Integra\u00e7\u00e3o Social (PIS) e a Contribui\u00e7\u00e3o para o Financiamento da Seguridade Social (Cofins), com contra\u00e7\u00e3o de 20,83%, e as contribui\u00e7\u00f5es para a Previd\u00eancia Social, com queda de 11,38%.<\/p>\n<p>No caso do IRPJ e da CSLL, a contra\u00e7\u00e3o reflete os menores lucros das empresas. A redu\u00e7\u00e3o de PIS\/Cofins reflete a retra\u00e7\u00e3o de 0,9% nas vendas de bens e de 12,1% nas vendas de servi\u00e7os. A queda na arrecada\u00e7\u00e3o da Previd\u00eancia resulta do encolhimento de 9,98% na massa salarial decorrente do aumento do desemprego e do trabalho informal.<\/p>\n<p><strong>Fonte:\u00a0<\/strong>Ag\u00eancia Brasil<\/p>\n","protected":false},"excerpt":{"rendered":"<p>A contra\u00e7\u00e3o da atividade e a suspens\u00e3o de v\u00e1rios tributos durante a pandemia fizeram a arrecada\u00e7\u00e3o federal fechar julho no menor n\u00edvel para o m\u00eas desde 2009. No m\u00eas passado, as receitas da Uni\u00e3o somaram R$ 115,99 bilh\u00f5es, com recuo de 17,68% em rela\u00e7\u00e3o a julho de 2019, descontada a infla\u00e7\u00e3o oficial pelo \u00cdndice Nacional [&hellip;]<\/p>\n","protected":false},"author":96,"featured_media":167336,"comment_status":"closed","ping_status":"closed","sticky":false,"template":"","format":"standard","meta":{"footnotes":""},"categories":[436,261,439],"tags":[],"class_list":["post-167335","post","type-post","status-publish","format-standard","has-post-thumbnail","hentry","category-destaque-da-semana","category-economia","category-ultima-hora"],"_links":{"self":[{"href":"https:\/\/diarioregionaldigital.com.br\/index.php?rest_route=\/wp\/v2\/posts\/167335","targetHints":{"allow":["GET"]}}],"collection":[{"href":"https:\/\/diarioregionaldigital.com.br\/index.php?rest_route=\/wp\/v2\/posts"}],"about":[{"href":"https:\/\/diarioregionaldigital.com.br\/index.php?rest_route=\/wp\/v2\/types\/post"}],"author":[{"embeddable":true,"href":"https:\/\/diarioregionaldigital.com.br\/index.php?rest_route=\/wp\/v2\/users\/96"}],"replies":[{"embeddable":true,"href":"https:\/\/diarioregionaldigital.com.br\/index.php?rest_route=%2Fwp%2Fv2%2Fcomments&post=167335"}],"version-history":[{"count":0,"href":"https:\/\/diarioregionaldigital.com.br\/index.php?rest_route=\/wp\/v2\/posts\/167335\/revisions"}],"wp:featuredmedia":[{"embeddable":true,"href":"https:\/\/diarioregionaldigital.com.br\/index.php?rest_route=\/wp\/v2\/media\/167336"}],"wp:attachment":[{"href":"https:\/\/diarioregionaldigital.com.br\/index.php?rest_route=%2Fwp%2Fv2%2Fmedia&parent=167335"}],"wp:term":[{"taxonomy":"category","embeddable":true,"href":"https:\/\/diarioregionaldigital.com.br\/index.php?rest_route=%2Fwp%2Fv2%2Fcategories&post=167335"},{"taxonomy":"post_tag","embeddable":true,"href":"https:\/\/diarioregionaldigital.com.br\/index.php?rest_route=%2Fwp%2Fv2%2Ftags&post=167335"}],"curies":[{"name":"wp","href":"https:\/\/api.w.org\/{rel}","templated":true}]}}