{"id":167323,"date":"2020-08-21T07:00:58","date_gmt":"2020-08-21T10:00:58","guid":{"rendered":"https:\/\/diarioregionaldigital.com.br\/?p=167323"},"modified":"2020-08-21T01:53:28","modified_gmt":"2020-08-21T04:53:28","slug":"diretoria-executiva-da-andifes-avalia-sobre-adocao-do-ensino-remoto-emergencial","status":"publish","type":"post","link":"https:\/\/diarioregionaldigital.com.br\/?p=167323","title":{"rendered":"Diretoria Executiva da Andifes avalia sobre ado\u00e7\u00e3o do ensino remoto emergencial"},"content":{"rendered":"<p>Contando com a participa\u00e7\u00e3o do reitor da Universidade Federal de Juiz de Fora (UFJF) Marcus David na vice-presid\u00eancia, a Diretoria Executiva da Associa\u00e7\u00e3o Nacional dos Dirigentes das Institui\u00e7\u00f5es Federais de Ensino Superior (Andifes), faz avalia\u00e7\u00e3o sobre ado\u00e7\u00e3o do ensino remoto emergencial e defende a nova atividade, aprovada por 54 das 69 universidades federais do pa\u00eds e em debate nas demais.<\/p>\n<p>A diretoria do \u00f3rg\u00e3o informa que as universidades aprovaram seus respectivos cronogramas de ensino remoto da gradua\u00e7\u00e3o, respeitando \u00e0 autonomia, \u00e0s especificidades e \u00e0 pr\u00f3pria din\u00e2mica da pandemia em cada territ\u00f3rio, considerando as condi\u00e7\u00f5es de biosseguran\u00e7a e o estabelecimento de meios t\u00e9cnicos e legais necess\u00e1rios. Os modelos adotados pelas institui\u00e7\u00f5es de ensino superior, visam a preserva\u00e7\u00e3o da sa\u00fade de estudantes, de professores e de t\u00e9cnicos, al\u00e9m da mitiga\u00e7\u00e3o de danos, da maior qualidade e inclus\u00e3o poss\u00edveis. Al\u00e9m disso, o presidente Edward Brasil acrescenta que:<\/p>\n<p>\u201cO primeiro passo foi conhecer o problema em profundidade, a partir de diagn\u00f3sticos e levantamentos diversos, junto aos estudantes, da sua condi\u00e7\u00e3o para esse retorno. Uma quantidade significativa dos alunos tem dificuldades, devido a in\u00fameras vari\u00e1veis sociais e econ\u00f4micas.\u201d<\/p>\n<p>Para o reitor da UFJF, Marcus David, a ado\u00e7\u00e3o do ensino remoto emergencial permite que a Andifes combata a diminui\u00e7\u00e3o das injusti\u00e7as, \u201cEstamos enfrentando desafios complexos, como casos de alunos e professores com defici\u00eancia e situa\u00e7\u00f5es de estudantes em regi\u00f5es remotas. N\u00e3o abrimos m\u00e3o da qualidade, por isso temos seguran\u00e7a e convic\u00e7\u00e3o de que o que est\u00e1 sendo apresentado \u00e9 um sistema inclusivo, com a qualidade acad\u00eamica, a marca das nossas institui\u00e7\u00f5es.\u201d<\/p>\n<p>J\u00e1 a 2\u00aa vice-presidente do \u00f3rg\u00e3o, Joana Ang\u00e9lica Guimar\u00e3es, aproveita o gancho feito por Marcus David e cita alguns exemplos dos aux\u00edlios a serem oferecidos para os estudantes:<\/p>\n<p>\u201cTodas as universidades est\u00e3o buscando oferecer aux\u00edlio emergencial para os estudantes. Estamos lidando com todas essas quest\u00f5es, inclusive com deslocamento de pessoal para levar material did\u00e1tico para estudantes em locais de dif\u00edcil acesso ou sem disponibilidade de internet. O mesmo est\u00e1 sendo feito para atender \u00e0s pessoas com defici\u00eancia e demais que necessitem de um cuidado mais especial para ter acesso \u00e0s aulas.\u201d<\/p>\n<p>A retomada das aulas, mesmo n\u00e3o sendo presencial, acontece em meio \u00e0s discuss\u00f5es e decis\u00f5es tomadas por cada universidade no Brasil, as quais possuem autonomia como previsto no artigo 207 da Constitui\u00e7\u00e3o Federal. Segundo Edward Brasil, nenhum das 69 institui\u00e7\u00f5es federais sinalizam retorno das aulas presenciais:<\/p>\n<p>\u201cNenhuma universidade tem decis\u00e3o de retorno presencial, por absoluta prud\u00eancia, devido \u00e0 aus\u00eancia de vacina, tratamento e testes para todos. Por isso, o retorno, neste momento, \u00e9 exclusivamente remoto, o que traz menos preju\u00edzos\u201d, finaliza.<\/p>\n<p><strong>Universidades atuam no combate ao Coronav\u00edrus<\/strong><\/p>\n<p><strong>\u00a0<\/strong>Durante a primeira fase da declara\u00e7\u00e3o da pandemia do Coronav\u00edrus, pela Organiza\u00e7\u00e3o Mundial da Sa\u00fade (OMS), muitas universidades federais brasileiras suspenderam suas atividades presenciais, visando preservar a vida das pessoas. Entretanto, segundo Edward Brasil, as institui\u00e7\u00f5es trabalham no combate ao Coronav\u00edrus, como atividades de pesquisas, trabalhos em laborat\u00f3rios e hospitais:<\/p>\n<p>\u201cNesse contexto todo, as universidades brasileiras, em nenhum momento, paralisaram por completo as suas atividades; pelo contr\u00e1rio, apresentaram-se para o enfrentamento da pandemia, com compromisso p\u00fablico. Est\u00e1 sendo desenvolvida uma quantidade muito grande de a\u00e7\u00f5es de enfrentamento da pandemia, no tratamento das pessoas, produ\u00e7\u00e3o de insumos, testagem, desenvolvimento de equipamentos, o que fez com que as universidades conduzissem milhares de a\u00e7\u00f5es no que diz respeito \u00e0 pesquisa, assist\u00eancia e projetos de extens\u00e3o\u201d.<\/p>\n","protected":false},"excerpt":{"rendered":"<p>Contando com a participa\u00e7\u00e3o do reitor da Universidade Federal de Juiz de Fora (UFJF) Marcus David na vice-presid\u00eancia, a Diretoria Executiva da Associa\u00e7\u00e3o Nacional dos Dirigentes das Institui\u00e7\u00f5es Federais de Ensino Superior (Andifes), faz avalia\u00e7\u00e3o sobre ado\u00e7\u00e3o do ensino remoto emergencial e defende a nova atividade, aprovada por 54 das 69 universidades federais do pa\u00eds [&hellip;]<\/p>\n","protected":false},"author":96,"featured_media":167324,"comment_status":"closed","ping_status":"closed","sticky":false,"template":"","format":"standard","meta":{"footnotes":""},"categories":[253,436,439],"tags":[],"class_list":["post-167323","post","type-post","status-publish","format-standard","has-post-thumbnail","hentry","category-cidade","category-destaque-da-semana","category-ultima-hora"],"_links":{"self":[{"href":"https:\/\/diarioregionaldigital.com.br\/index.php?rest_route=\/wp\/v2\/posts\/167323","targetHints":{"allow":["GET"]}}],"collection":[{"href":"https:\/\/diarioregionaldigital.com.br\/index.php?rest_route=\/wp\/v2\/posts"}],"about":[{"href":"https:\/\/diarioregionaldigital.com.br\/index.php?rest_route=\/wp\/v2\/types\/post"}],"author":[{"embeddable":true,"href":"https:\/\/diarioregionaldigital.com.br\/index.php?rest_route=\/wp\/v2\/users\/96"}],"replies":[{"embeddable":true,"href":"https:\/\/diarioregionaldigital.com.br\/index.php?rest_route=%2Fwp%2Fv2%2Fcomments&post=167323"}],"version-history":[{"count":0,"href":"https:\/\/diarioregionaldigital.com.br\/index.php?rest_route=\/wp\/v2\/posts\/167323\/revisions"}],"wp:featuredmedia":[{"embeddable":true,"href":"https:\/\/diarioregionaldigital.com.br\/index.php?rest_route=\/wp\/v2\/media\/167324"}],"wp:attachment":[{"href":"https:\/\/diarioregionaldigital.com.br\/index.php?rest_route=%2Fwp%2Fv2%2Fmedia&parent=167323"}],"wp:term":[{"taxonomy":"category","embeddable":true,"href":"https:\/\/diarioregionaldigital.com.br\/index.php?rest_route=%2Fwp%2Fv2%2Fcategories&post=167323"},{"taxonomy":"post_tag","embeddable":true,"href":"https:\/\/diarioregionaldigital.com.br\/index.php?rest_route=%2Fwp%2Fv2%2Ftags&post=167323"}],"curies":[{"name":"wp","href":"https:\/\/api.w.org\/{rel}","templated":true}]}}