{"id":167300,"date":"2020-08-21T06:00:05","date_gmt":"2020-08-21T09:00:05","guid":{"rendered":"https:\/\/diarioregionaldigital.com.br\/?p=167300"},"modified":"2020-08-21T00:17:23","modified_gmt":"2020-08-21T03:17:23","slug":"comportamento","status":"publish","type":"post","link":"https:\/\/diarioregionaldigital.com.br\/?p=167300","title":{"rendered":"Comportamento"},"content":{"rendered":"<p style=\"text-align: center;\"><strong>Inhotim<\/strong><\/p>\n<p style=\"text-align: center;\">Fechado desde mar\u00e7o por conta da pandemia de Covid-19, o Instituto Inhotim demitiu 84 funcion\u00e1rios durante o per\u00edodo da quarentena. Parte dos funcion\u00e1rios da institui\u00e7\u00e3o j\u00e1 estava trabalhando em jornada reduzida, de acordo com a Medida Provis\u00f3ria 936, editada pelo governo federal em abril, para evitar a demiss\u00e3o em massa durante a pandemia. Sem previs\u00e3o de reabertura, o instituto diz que a pandemia gerou a crise mais grave que a do rompimento da barragem de Brumadinho, em 2019.<\/p>\n<p style=\"text-align: center;\"><strong>Boa Hora<\/strong><\/p>\n<p style=\"text-align: center;\">O presidente da Fiemg Regional, Heveraldo Lima de Castro ficou emocionado com a doa\u00e7\u00e3o de 25 respiradores para a Prefeitura de Juiz de Fora instalar nos hospitais p\u00fablicos.<\/p>\n<p style=\"text-align: center;\"><strong>Cultura <\/strong><\/p>\n<p style=\"text-align: center;\">Digna de elogios a escritora Juliana James continua com sua campanha de doa\u00e7\u00e3o de livros para as escolas p\u00fablicas. Basta comprar uma de suas obras por R$20 pelo Pic Pay. A meta \u00e9 doar 550 livros.<\/p>\n<p style=\"text-align: center;\"><strong>Imprensa <\/strong><\/p>\n<p style=\"text-align: center;\">Din\u00e2mico e antenado, o jornalista Ricardo Gandour em seu livro \u201cJornalismo em retra\u00e7\u00e3o poder em expans\u00e3o \u2013 A segunda morte da opini\u00e3o p\u00fablica\u201d, trata como as Fake News e como elas podem acabar comprometendo o processo democr\u00e1tico. Na obra, ele mapeia a situa\u00e7\u00e3o atual do jornalismo e sai pela Summus Editorial.<\/p>\n<p style=\"text-align: center;\"><span style=\"font-size: 14pt;\"><strong>Comportamento<\/strong><\/span><\/p>\n<p style=\"text-align: center;\">A gente vai ter que aprender a manter o distanciamento f\u00edsico sem a dist\u00e2ncia afetiva. \u00c9 um grande desafio em tempos de pandemia. Portanto \u00e9 bom lembrar quanto mais r\u00e1pido a gente quiser levar uma vida normal, mais a pandemia se prolongar\u00e1.<\/p>\n<div id=\"attachment_167292\" style=\"width: 690px\" class=\"wp-caption aligncenter\"><img loading=\"lazy\" decoding=\"async\" aria-describedby=\"caption-attachment-167292\" class=\"wp-image-167292\" src=\"https:\/\/diarioregionaldigital.com.br\/wp-content\/uploads\/2020\/08\/fotoa-2-e1597978770214.jpeg\" alt=\"\" width=\"680\" height=\"465\" srcset=\"https:\/\/diarioregionaldigital.com.br\/wp-content\/uploads\/2020\/08\/fotoa-2-e1597978770214.jpeg 832w, https:\/\/diarioregionaldigital.com.br\/wp-content\/uploads\/2020\/08\/fotoa-2-e1597978770214-300x205.jpeg 300w, https:\/\/diarioregionaldigital.com.br\/wp-content\/uploads\/2020\/08\/fotoa-2-e1597978770214-768x525.jpeg 768w, https:\/\/diarioregionaldigital.com.br\/wp-content\/uploads\/2020\/08\/fotoa-2-e1597978770214-360x246.jpeg 360w\" sizes=\"auto, (max-width: 680px) 100vw, 680px\" \/><p id=\"caption-attachment-167292\" class=\"wp-caption-text\">A guardi\u00e3 da By Candy Nayane Neto em pose com o colunista de astros e estrelas Eduardo Gomes<\/p><\/div>\n<div id=\"attachment_167293\" style=\"width: 690px\" class=\"wp-caption aligncenter\"><img loading=\"lazy\" decoding=\"async\" aria-describedby=\"caption-attachment-167293\" class=\"wp-image-167293\" src=\"https:\/\/diarioregionaldigital.com.br\/wp-content\/uploads\/2020\/08\/fotoaa-5-e1597979157657.jpeg\" alt=\"\" width=\"680\" height=\"496\" srcset=\"https:\/\/diarioregionaldigital.com.br\/wp-content\/uploads\/2020\/08\/fotoaa-5-e1597979157657.jpeg 956w, https:\/\/diarioregionaldigital.com.br\/wp-content\/uploads\/2020\/08\/fotoaa-5-e1597979157657-300x219.jpeg 300w, https:\/\/diarioregionaldigital.com.br\/wp-content\/uploads\/2020\/08\/fotoaa-5-e1597979157657-768x560.jpeg 768w, https:\/\/diarioregionaldigital.com.br\/wp-content\/uploads\/2020\/08\/fotoaa-5-e1597979157657-360x262.jpeg 360w\" sizes=\"auto, (max-width: 680px) 100vw, 680px\" \/><p id=\"caption-attachment-167293\" class=\"wp-caption-text\">O estrelado Dj Scoob em estilo marcante veste M.Marques<\/p><\/div>\n<div id=\"attachment_167294\" style=\"width: 690px\" class=\"wp-caption aligncenter\"><img loading=\"lazy\" decoding=\"async\" aria-describedby=\"caption-attachment-167294\" class=\"wp-image-167294\" src=\"https:\/\/diarioregionaldigital.com.br\/wp-content\/uploads\/2020\/08\/fotob-10.jpg\" alt=\"\" width=\"680\" height=\"451\" \/><p id=\"caption-attachment-167294\" class=\"wp-caption-text\">Ilustres escritores visitando esta coluna social on-line: Maria Helena Oliveira, Maria Helena Sleutjes e Dr. Mauro Cruz<\/p><\/div>\n<div id=\"attachment_167295\" style=\"width: 690px\" class=\"wp-caption aligncenter\"><img loading=\"lazy\" decoding=\"async\" aria-describedby=\"caption-attachment-167295\" class=\"wp-image-167295\" src=\"https:\/\/diarioregionaldigital.com.br\/wp-content\/uploads\/2020\/08\/fotoc-11-e1597979234901.jpg\" alt=\"\" width=\"680\" height=\"468\" srcset=\"https:\/\/diarioregionaldigital.com.br\/wp-content\/uploads\/2020\/08\/fotoc-11-e1597979234901.jpg 1010w, https:\/\/diarioregionaldigital.com.br\/wp-content\/uploads\/2020\/08\/fotoc-11-e1597979234901-300x206.jpg 300w, https:\/\/diarioregionaldigital.com.br\/wp-content\/uploads\/2020\/08\/fotoc-11-e1597979234901-768x528.jpg 768w, https:\/\/diarioregionaldigital.com.br\/wp-content\/uploads\/2020\/08\/fotoc-11-e1597979234901-360x248.jpg 360w, https:\/\/diarioregionaldigital.com.br\/wp-content\/uploads\/2020\/08\/fotoc-11-e1597979234901-100x70.jpg 100w\" sizes=\"auto, (max-width: 680px) 100vw, 680px\" \/><p id=\"caption-attachment-167295\" class=\"wp-caption-text\">Antes da pandemia curtindo balne\u00e1rio na regi\u00e3o dos lagos: Marc\u00e9lio Guilherme e Rodrigo Bering<\/p><\/div>\n<div id=\"attachment_167296\" style=\"width: 690px\" class=\"wp-caption aligncenter\"><img loading=\"lazy\" decoding=\"async\" aria-describedby=\"caption-attachment-167296\" class=\"wp-image-167296\" src=\"https:\/\/diarioregionaldigital.com.br\/wp-content\/uploads\/2020\/08\/fotod-11-e1597979265126.jpg\" alt=\"\" width=\"680\" height=\"484\" srcset=\"https:\/\/diarioregionaldigital.com.br\/wp-content\/uploads\/2020\/08\/fotod-11-e1597979265126.jpg 984w, https:\/\/diarioregionaldigital.com.br\/wp-content\/uploads\/2020\/08\/fotod-11-e1597979265126-300x214.jpg 300w, https:\/\/diarioregionaldigital.com.br\/wp-content\/uploads\/2020\/08\/fotod-11-e1597979265126-768x547.jpg 768w, https:\/\/diarioregionaldigital.com.br\/wp-content\/uploads\/2020\/08\/fotod-11-e1597979265126-360x256.jpg 360w, https:\/\/diarioregionaldigital.com.br\/wp-content\/uploads\/2020\/08\/fotod-11-e1597979265126-100x70.jpg 100w\" sizes=\"auto, (max-width: 680px) 100vw, 680px\" \/><p id=\"caption-attachment-167296\" class=\"wp-caption-text\">No t\u00fanel do tempo \u00e9 Montmartre (Paris), Dievani Lopes Vital e Jovita Noronha<\/p><\/div>\n<div id=\"attachment_167299\" style=\"width: 690px\" class=\"wp-caption aligncenter\"><img loading=\"lazy\" decoding=\"async\" aria-describedby=\"caption-attachment-167299\" class=\"wp-image-167299\" src=\"https:\/\/diarioregionaldigital.com.br\/wp-content\/uploads\/2020\/08\/fotog-10-e1597979391399.jpg\" alt=\"\" width=\"680\" height=\"503\" srcset=\"https:\/\/diarioregionaldigital.com.br\/wp-content\/uploads\/2020\/08\/fotog-10-e1597979391399.jpg 1080w, https:\/\/diarioregionaldigital.com.br\/wp-content\/uploads\/2020\/08\/fotog-10-e1597979391399-300x222.jpg 300w, https:\/\/diarioregionaldigital.com.br\/wp-content\/uploads\/2020\/08\/fotog-10-e1597979391399-1024x758.jpg 1024w, https:\/\/diarioregionaldigital.com.br\/wp-content\/uploads\/2020\/08\/fotog-10-e1597979391399-768x568.jpg 768w, https:\/\/diarioregionaldigital.com.br\/wp-content\/uploads\/2020\/08\/fotog-10-e1597979391399-360x266.jpg 360w\" sizes=\"auto, (max-width: 680px) 100vw, 680px\" \/><p id=\"caption-attachment-167299\" class=\"wp-caption-text\">O musico Henrique Filho, sucesso no r\u00e1dio TV e redes sociais<\/p><\/div>\n<div id=\"attachment_167298\" style=\"width: 690px\" class=\"wp-caption aligncenter\"><img loading=\"lazy\" decoding=\"async\" aria-describedby=\"caption-attachment-167298\" class=\"wp-image-167298\" src=\"https:\/\/diarioregionaldigital.com.br\/wp-content\/uploads\/2020\/08\/fotof-10-e1597979338670.jpg\" alt=\"\" width=\"680\" height=\"507\" srcset=\"https:\/\/diarioregionaldigital.com.br\/wp-content\/uploads\/2020\/08\/fotof-10-e1597979338670.jpg 1144w, https:\/\/diarioregionaldigital.com.br\/wp-content\/uploads\/2020\/08\/fotof-10-e1597979338670-300x224.jpg 300w, https:\/\/diarioregionaldigital.com.br\/wp-content\/uploads\/2020\/08\/fotof-10-e1597979338670-1024x764.jpg 1024w, https:\/\/diarioregionaldigital.com.br\/wp-content\/uploads\/2020\/08\/fotof-10-e1597979338670-768x573.jpg 768w, https:\/\/diarioregionaldigital.com.br\/wp-content\/uploads\/2020\/08\/fotof-10-e1597979338670-360x268.jpg 360w\" sizes=\"auto, (max-width: 680px) 100vw, 680px\" \/><p id=\"caption-attachment-167298\" class=\"wp-caption-text\">Os refinados Douglas Fasolato e Vera Tostes no Marimbas (RJ)<\/p><\/div>\n<div id=\"attachment_167297\" style=\"width: 690px\" class=\"wp-caption aligncenter\"><img loading=\"lazy\" decoding=\"async\" aria-describedby=\"caption-attachment-167297\" class=\"wp-image-167297\" src=\"https:\/\/diarioregionaldigital.com.br\/wp-content\/uploads\/2020\/08\/fotoe-12-e1597979303768.jpg\" alt=\"\" width=\"680\" height=\"463\" srcset=\"https:\/\/diarioregionaldigital.com.br\/wp-content\/uploads\/2020\/08\/fotoe-12-e1597979303768.jpg 852w, https:\/\/diarioregionaldigital.com.br\/wp-content\/uploads\/2020\/08\/fotoe-12-e1597979303768-300x204.jpg 300w, https:\/\/diarioregionaldigital.com.br\/wp-content\/uploads\/2020\/08\/fotoe-12-e1597979303768-768x523.jpg 768w, https:\/\/diarioregionaldigital.com.br\/wp-content\/uploads\/2020\/08\/fotoe-12-e1597979303768-360x245.jpg 360w\" sizes=\"auto, (max-width: 680px) 100vw, 680px\" \/><p id=\"caption-attachment-167297\" class=\"wp-caption-text\">Antes da crise, as elegantes Aletheia Westermann e Dalva Westerman, em Nova York<\/p><\/div>\n<p style=\"text-align: center;\"><strong>FOTOSS\u00cdNTESE<\/strong><\/p>\n<p>Correio elegante: abra\u00e7os carinhosos para meus queridos sobrinhos, La\u00eds, Bruno, Marcus Vinicius, Luciana, Rodrimary, Marcelo, Fernando, Carolina, Elizangela, Patr\u00edcia, Raquel, Rudolf, Thiago, Rodrigo, Rosangela.<\/p>\n<p>No encerramento do segundo dia da Semana Rainbow da UFJF, o espet\u00e1culo \u201cOf\u00e9lia, a travesti gorda\u201d, debateu a crueldade dos padr\u00f5es da sociedade contempor\u00e2nea. Aplausos para a protagonista do mon\u00f3logo Mag\u00f4 Tonhon.<\/p>\n<p>Dom Gil Ant\u00f4nio Moreira conduziu a transmiss\u00e3o ao vivo pelo canal da Santa Casa de Juiz de Fora da ben\u00e7\u00e3o da nova portaria da institui\u00e7\u00e3o pelo YouTube.<\/p>\n<p>E a vacina russa hein? O minist\u00e9rio da Sa\u00fade adota cautela.<\/p>\n<p>Antenada e estudiosa, a aluna do ensino m\u00e9dio do Apogeu, Isabella Lessa ficou em 9\u00ba lugar no concurso de reda\u00e7\u00e3o da Univ\u00e1s-universidade do Vale do Sapuca\u00ed.<\/p>\n<p>Em hora prop\u00edcia, a Ascomcer lan\u00e7ou campanha solid\u00e1ria em parceria com o aplicativo Robin Hood. At\u00e9 o dia 23, o cliente pode doar a cash back (reembolso) acumulado para o hospital.<\/p>\n<p>Foi um ritmo retumbante a abertura da loja conceito do condom\u00ednio Estrela do Lago, no Spazio Design.<\/p>\n<p>Aten\u00e7\u00e3o: O Privil\u00e9ge tem nova playlist #Santo Bear com sucesso do funk. Dispon\u00edvel no Spotify.<br \/>\nOuvi no elevador: \u201cAp\u00f3s a pandemia, o mundo n\u00e3o comporta mais o luxo\u201d.<\/p>\n<p>Estranho regresso: Pandemia muda o comportamento social e exige novas regras de conviv\u00eancia e etiqueta diante de cen\u00e1rio in\u00e9dito. \u00c9 uma adapta\u00e7\u00e3o muito dura. N\u00e3o \u00e9 f\u00e1cil abandonarmos a cultura de contato e de aproxima\u00e7\u00e3o. Bom dia.<\/p>\n<p><img loading=\"lazy\" decoding=\"async\" class=\"aligncenter size-full wp-image-167301\" src=\"https:\/\/diarioregionaldigital.com.br\/wp-content\/uploads\/2020\/08\/anuncio98-scaled.jpg\" alt=\"\" width=\"2560\" height=\"995\" srcset=\"https:\/\/diarioregionaldigital.com.br\/wp-content\/uploads\/2020\/08\/anuncio98-scaled.jpg 2560w, https:\/\/diarioregionaldigital.com.br\/wp-content\/uploads\/2020\/08\/anuncio98-300x117.jpg 300w, https:\/\/diarioregionaldigital.com.br\/wp-content\/uploads\/2020\/08\/anuncio98-1024x398.jpg 1024w, https:\/\/diarioregionaldigital.com.br\/wp-content\/uploads\/2020\/08\/anuncio98-768x299.jpg 768w, https:\/\/diarioregionaldigital.com.br\/wp-content\/uploads\/2020\/08\/anuncio98-1536x597.jpg 1536w, https:\/\/diarioregionaldigital.com.br\/wp-content\/uploads\/2020\/08\/anuncio98-2048x796.jpg 2048w, https:\/\/diarioregionaldigital.com.br\/wp-content\/uploads\/2020\/08\/anuncio98-360x140.jpg 360w\" sizes=\"auto, (max-width: 2560px) 100vw, 2560px\" \/><\/p>\n","protected":false},"excerpt":{"rendered":"<p>Inhotim Fechado desde mar\u00e7o por conta da pandemia de Covid-19, o Instituto Inhotim demitiu 84 funcion\u00e1rios durante o per\u00edodo da quarentena. Parte dos funcion\u00e1rios da institui\u00e7\u00e3o j\u00e1 estava trabalhando em jornada reduzida, de acordo com a Medida Provis\u00f3ria 936, editada pelo governo federal em abril, para evitar a demiss\u00e3o em massa durante a pandemia. Sem [&hellip;]<\/p>\n","protected":false},"author":96,"featured_media":167292,"comment_status":"closed","ping_status":"closed","sticky":false,"template":"","format":"standard","meta":{"footnotes":""},"categories":[264],"tags":[],"class_list":["post-167300","post","type-post","status-publish","format-standard","has-post-thumbnail","hentry","category-eduardo-gomes"],"_links":{"self":[{"href":"https:\/\/diarioregionaldigital.com.br\/index.php?rest_route=\/wp\/v2\/posts\/167300","targetHints":{"allow":["GET"]}}],"collection":[{"href":"https:\/\/diarioregionaldigital.com.br\/index.php?rest_route=\/wp\/v2\/posts"}],"about":[{"href":"https:\/\/diarioregionaldigital.com.br\/index.php?rest_route=\/wp\/v2\/types\/post"}],"author":[{"embeddable":true,"href":"https:\/\/diarioregionaldigital.com.br\/index.php?rest_route=\/wp\/v2\/users\/96"}],"replies":[{"embeddable":true,"href":"https:\/\/diarioregionaldigital.com.br\/index.php?rest_route=%2Fwp%2Fv2%2Fcomments&post=167300"}],"version-history":[{"count":0,"href":"https:\/\/diarioregionaldigital.com.br\/index.php?rest_route=\/wp\/v2\/posts\/167300\/revisions"}],"wp:featuredmedia":[{"embeddable":true,"href":"https:\/\/diarioregionaldigital.com.br\/index.php?rest_route=\/wp\/v2\/media\/167292"}],"wp:attachment":[{"href":"https:\/\/diarioregionaldigital.com.br\/index.php?rest_route=%2Fwp%2Fv2%2Fmedia&parent=167300"}],"wp:term":[{"taxonomy":"category","embeddable":true,"href":"https:\/\/diarioregionaldigital.com.br\/index.php?rest_route=%2Fwp%2Fv2%2Fcategories&post=167300"},{"taxonomy":"post_tag","embeddable":true,"href":"https:\/\/diarioregionaldigital.com.br\/index.php?rest_route=%2Fwp%2Fv2%2Ftags&post=167300"}],"curies":[{"name":"wp","href":"https:\/\/api.w.org\/{rel}","templated":true}]}}