{"id":167289,"date":"2020-08-20T20:03:00","date_gmt":"2020-08-20T23:03:00","guid":{"rendered":"https:\/\/diarioregionaldigital.com.br\/?p=167289"},"modified":"2020-08-21T02:00:28","modified_gmt":"2020-08-21T05:00:28","slug":"saude-atualiza-dados-da-pandemia-35-milhoes-de-casos-registrados","status":"publish","type":"post","link":"https:\/\/diarioregionaldigital.com.br\/?p=167289","title":{"rendered":"Sa\u00fade atualiza dados da pandemia; 3,5 milh\u00f5es de casos registrados"},"content":{"rendered":"<p>O Brasil passou dos 3,5 milh\u00f5es de casos confirmados de covid-19. O n\u00famero foi divulgado na atualiza\u00e7\u00e3o di\u00e1ria de hoje (20) do Minist\u00e9rio da Sa\u00fade (MS). Nas \u00faltimas 24 horas, foram notificadas 45.323 novas pessoas infectadas. Com isso, o n\u00famero total de casos acumulados\u00a0atingiu 3.501.975. Ontem, o painel registrava 3.456.652 casos acumulados.<img decoding=\"async\" src=\"https:\/\/agenciabrasil.ebc.com.br\/ebc.png?id=1314353&amp;o=node\" \/><img decoding=\"async\" src=\"https:\/\/agenciabrasil.ebc.com.br\/ebc.gif?id=1314353&amp;o=node\" \/><\/p>\n<p>De acordo como balan\u00e7o, o total de mortes chegou a 112.304. Foram 1.204 \u00f3bitos acrescidos \u00e0s estat\u00edsticas entre ontem e hoje pelas secretarias de sa\u00fade estaduais. Ontem, o sistema do MS marcava 111.100 vidas perdidas para a covid-19. Ainda h\u00e1 3.187 mortes em investiga\u00e7\u00e3o.<\/p>\n<p>A atualiza\u00e7\u00e3o do Minist\u00e9rio registrou ainda 736.264 pessoas em acompanhamento. O n\u00famero de recuperados passou de 75%, e contabiliza 2.653.407 de pacientes que n\u00e3o apresentam mais sinais da doen\u00e7a e s\u00e3o considerados \u201crecuperados\u201d.<\/p>\n<p><strong>Veja na tabela outros \u00edndices divulgados pela pasta:<\/strong><\/p>\n<table class=\"dcf-table dcf-table-responsive dcf-table-bordered dcf-table-striped dcf-w-100%\">\n<tbody>\n<tr>\n<td class=\"rtecenter\"><strong>LETALIDADE<br \/>\n<em>(n\u00famero de mortes pelo total de casos)<\/em><\/strong><\/td>\n<td class=\"rtecenter\"><strong>MORTALIDADE<br \/>\n<em>(quantidade de \u00f3bitos por 100 mil habitantes)<\/em><\/strong><\/td>\n<td class=\"rtecenter\"><strong>INCID\u00caNCIA<br \/>\n(n\u00famero de casos por habitantes)<\/strong><\/td>\n<\/tr>\n<tr>\n<td class=\"rtecenter\"><strong>3,2%<\/strong><\/td>\n<td class=\"rtecenter\"><strong>53,4<br \/>\na cada 100 mil<\/strong><\/td>\n<td class=\"rtecenter\"><strong>1.666,4<br \/>\na cada 100 mil<\/strong><\/td>\n<\/tr>\n<\/tbody>\n<\/table>\n<p><strong>Estados<\/strong><\/p>\n<p><strong>Os estados com mais mortes s\u00e3o:\u00a0<\/strong><\/p>\n<p>1\u00ba &#8211; S\u00e3o Paulo (27.905)<\/p>\n<p>2\u00ba &#8211; Rio de Janeiro (15.074)<\/p>\n<p>3\u00ba &#8211; Cear\u00e1 (8.245)<\/p>\n<p>4\u00ba &#8211; Pernambuco (7.303)<\/p>\n<p>5\u00ba &#8211; Par\u00e1 (6.027)<\/p>\n<p><strong>As unidades da federa\u00e7\u00e3o com menos \u00f3bitos s\u00e3o:\u00a0<\/strong><\/p>\n<p>1\u00ba &#8211; Tocantins (547)<\/p>\n<p>2\u00ba &#8211; Roraima (576)<\/p>\n<p>3\u00ba &#8211; Acre (595)<\/p>\n<p>4\u00ba &#8211; Amap\u00e1 (626)<\/p>\n<p>5\u00ba &#8211; Mato Grosso do Sul (686).<\/p>\n<p><strong>Compara\u00e7\u00e3o internacional<\/strong><\/p>\n<p>O Brasil segue na 2\u00aa coloca\u00e7\u00e3o no ranking de casos e mortes. A lideran\u00e7a \u00e9 dos Estados Unidos, que, segundo o mapa da universidade Johns Hopkins, chegou a 5.565.928 pessoas infectadas e 174.051 mortes.<\/p>\n<p>J\u00e1 quando considerada a incid\u00eancia (casos por 1 milh\u00e3o de habitantes) e mortalidade (\u00f3bitos por 1 milh\u00e3o de habitantes), conforme o Boletim Epidemiol\u00f3gico do Minist\u00e9rio da Sa\u00fade divulgado ontem, o Brasil fica na 8\u00aa posi\u00e7\u00e3o, com \u00edndices de, respectivamente, 2.722 e 98. O pa\u00eds subiu um posto na lista de pa\u00edses por mortalidade em rela\u00e7\u00e3o \u00e0 semana passada, quando estava em 9\u00ba.<\/p>\n<p><strong>Fonte:\u00a0<\/strong>Ag\u00eancia Brasil<\/p>\n","protected":false},"excerpt":{"rendered":"<p>O Brasil passou dos 3,5 milh\u00f5es de casos confirmados de covid-19. O n\u00famero foi divulgado na atualiza\u00e7\u00e3o di\u00e1ria de hoje (20) do Minist\u00e9rio da Sa\u00fade (MS). Nas \u00faltimas 24 horas, foram notificadas 45.323 novas pessoas infectadas. Com isso, o n\u00famero total de casos acumulados\u00a0atingiu 3.501.975. Ontem, o painel registrava 3.456.652 casos acumulados. De acordo como [&hellip;]<\/p>\n","protected":false},"author":96,"featured_media":167290,"comment_status":"closed","ping_status":"closed","sticky":false,"template":"","format":"standard","meta":{"footnotes":""},"categories":[302,436,440,439],"tags":[],"class_list":["post-167289","post","type-post","status-publish","format-standard","has-post-thumbnail","hentry","category-brasil-mundo","category-destaque-da-semana","category-destaques-do-dia","category-ultima-hora"],"_links":{"self":[{"href":"https:\/\/diarioregionaldigital.com.br\/index.php?rest_route=\/wp\/v2\/posts\/167289","targetHints":{"allow":["GET"]}}],"collection":[{"href":"https:\/\/diarioregionaldigital.com.br\/index.php?rest_route=\/wp\/v2\/posts"}],"about":[{"href":"https:\/\/diarioregionaldigital.com.br\/index.php?rest_route=\/wp\/v2\/types\/post"}],"author":[{"embeddable":true,"href":"https:\/\/diarioregionaldigital.com.br\/index.php?rest_route=\/wp\/v2\/users\/96"}],"replies":[{"embeddable":true,"href":"https:\/\/diarioregionaldigital.com.br\/index.php?rest_route=%2Fwp%2Fv2%2Fcomments&post=167289"}],"version-history":[{"count":0,"href":"https:\/\/diarioregionaldigital.com.br\/index.php?rest_route=\/wp\/v2\/posts\/167289\/revisions"}],"wp:featuredmedia":[{"embeddable":true,"href":"https:\/\/diarioregionaldigital.com.br\/index.php?rest_route=\/wp\/v2\/media\/167290"}],"wp:attachment":[{"href":"https:\/\/diarioregionaldigital.com.br\/index.php?rest_route=%2Fwp%2Fv2%2Fmedia&parent=167289"}],"wp:term":[{"taxonomy":"category","embeddable":true,"href":"https:\/\/diarioregionaldigital.com.br\/index.php?rest_route=%2Fwp%2Fv2%2Fcategories&post=167289"},{"taxonomy":"post_tag","embeddable":true,"href":"https:\/\/diarioregionaldigital.com.br\/index.php?rest_route=%2Fwp%2Fv2%2Ftags&post=167289"}],"curies":[{"name":"wp","href":"https:\/\/api.w.org\/{rel}","templated":true}]}}