{"id":167287,"date":"2020-08-20T18:54:03","date_gmt":"2020-08-20T21:54:03","guid":{"rendered":"https:\/\/diarioregionaldigital.com.br\/?p=167287"},"modified":"2020-08-20T18:54:03","modified_gmt":"2020-08-20T21:54:03","slug":"pm-registra-tres-ocorrencias-de-roubo-nas-regioes-norte-sudeste-e-sul-de-juiz-de-fora","status":"publish","type":"post","link":"https:\/\/diarioregionaldigital.com.br\/?p=167287","title":{"rendered":"PM registra tr\u00eas ocorr\u00eancias de roubo nas Regi\u00f5es Norte, Sudeste e Sul de Juiz de Fora"},"content":{"rendered":"<p>A Pol\u00edcia Militar (PM) registrou tr\u00eas ocorr\u00eancias relacionadas a roubo, ocorridas nos Bairros Benfica (Regi\u00e3o Norte), Furtado de Menezes (Regi\u00e3o Sudeste) e Sagrado Cora\u00e7\u00e3o de Jesus (Regi\u00e3o Sul). O primeiro caso ocorreu na manh\u00e3 de quarta-feira (19) em Furtado de Menezes, onde um jovem de 23 e um homem de 35 anos, trafegavam em uma motocicleta pela Rua Doutor F\u00e1bio Nery, quando em um determinado momento avistaram obst\u00e1culos na via e foram obrigados a reduzirem a velocidade. Logo em seguida saiu de um terreno baldio, um indiv\u00edduo aparentando ter 23 anos de idade e com posse de arma de fogo, anunciou o roubo.<\/p>\n<p>Durante o ato, as v\u00edtimas tiveram seus telefones celulares roubados e a quantia de R$ 250,00 em dinheiro. Ap\u00f3s o ato, a PM foi acionada e com posse das informa\u00e7\u00f5es passadas pelas v\u00edtimas, iniciou o rastreamento em busca do suspeito, mas sem \u00eaxito.<\/p>\n<p>O segundo caso aconteceu no Bairro Benfica, no qual as v\u00edtimas relataram que na manh\u00e3 de quarta-feira, um indiv\u00edduo de 30 anos chegou na resid\u00eancia das mesmas, alegando que teria que verificar o ve\u00edculo que pertence ao solicitante, tendo em vista que, este ve\u00edculo se encontrava na oficina do padrasto do autor para reparos. Diante dos fatos, o suspeito obteve acesso \u00e0 garagem do im\u00f3vel e com posse de faca, anunciou o roubo, levando a quantia de R$ 200,00 em dinheiro, um colar e um par de chinelos. O autor fugiu do local, em sentido ignorado.<\/p>\n<p>O terceiro e \u00faltimo caso foi no Sagrado Cora\u00e7\u00e3o de Jesus, onde um homem de 53 anos, relatou aos policiais que um casal arrombou a porta de sua resid\u00eancia e o agrediram com socos, causando-lhe um corte na regi\u00e3o da testa. Logo em seguida, amarraram seus bra\u00e7os e o amorda\u00e7aram, levando dois botij\u00f5es de g\u00e1s, um receptor de TV e diversos documentos pessoais. O casal fugiu do local e n\u00e3o foi rastreado.<\/p>\n","protected":false},"excerpt":{"rendered":"<p>A Pol\u00edcia Militar (PM) registrou tr\u00eas ocorr\u00eancias relacionadas a roubo, ocorridas nos Bairros Benfica (Regi\u00e3o Norte), Furtado de Menezes (Regi\u00e3o Sudeste) e Sagrado Cora\u00e7\u00e3o de Jesus (Regi\u00e3o Sul). O primeiro caso ocorreu na manh\u00e3 de quarta-feira (19) em Furtado de Menezes, onde um jovem de 23 e um homem de 35 anos, trafegavam em uma [&hellip;]<\/p>\n","protected":false},"author":96,"featured_media":165308,"comment_status":"closed","ping_status":"closed","sticky":false,"template":"","format":"standard","meta":{"footnotes":""},"categories":[301,436,439],"tags":[],"class_list":["post-167287","post","type-post","status-publish","format-standard","has-post-thumbnail","hentry","category-artigos-policiais","category-destaque-da-semana","category-ultima-hora"],"_links":{"self":[{"href":"https:\/\/diarioregionaldigital.com.br\/index.php?rest_route=\/wp\/v2\/posts\/167287","targetHints":{"allow":["GET"]}}],"collection":[{"href":"https:\/\/diarioregionaldigital.com.br\/index.php?rest_route=\/wp\/v2\/posts"}],"about":[{"href":"https:\/\/diarioregionaldigital.com.br\/index.php?rest_route=\/wp\/v2\/types\/post"}],"author":[{"embeddable":true,"href":"https:\/\/diarioregionaldigital.com.br\/index.php?rest_route=\/wp\/v2\/users\/96"}],"replies":[{"embeddable":true,"href":"https:\/\/diarioregionaldigital.com.br\/index.php?rest_route=%2Fwp%2Fv2%2Fcomments&post=167287"}],"version-history":[{"count":0,"href":"https:\/\/diarioregionaldigital.com.br\/index.php?rest_route=\/wp\/v2\/posts\/167287\/revisions"}],"wp:featuredmedia":[{"embeddable":true,"href":"https:\/\/diarioregionaldigital.com.br\/index.php?rest_route=\/wp\/v2\/media\/165308"}],"wp:attachment":[{"href":"https:\/\/diarioregionaldigital.com.br\/index.php?rest_route=%2Fwp%2Fv2%2Fmedia&parent=167287"}],"wp:term":[{"taxonomy":"category","embeddable":true,"href":"https:\/\/diarioregionaldigital.com.br\/index.php?rest_route=%2Fwp%2Fv2%2Fcategories&post=167287"},{"taxonomy":"post_tag","embeddable":true,"href":"https:\/\/diarioregionaldigital.com.br\/index.php?rest_route=%2Fwp%2Fv2%2Ftags&post=167287"}],"curies":[{"name":"wp","href":"https:\/\/api.w.org\/{rel}","templated":true}]}}