{"id":167283,"date":"2020-08-20T18:31:38","date_gmt":"2020-08-20T21:31:38","guid":{"rendered":"https:\/\/diarioregionaldigital.com.br\/?p=167283"},"modified":"2020-08-20T18:31:38","modified_gmt":"2020-08-20T21:31:38","slug":"pcmg-deflagra-acao-e-prende-suspeita-de-liderar-o-trafico-em-miradouro","status":"publish","type":"post","link":"https:\/\/diarioregionaldigital.com.br\/?p=167283","title":{"rendered":"PCMG deflagra a\u00e7\u00e3o e prende suspeita de liderar o tr\u00e1fico em Miradouro"},"content":{"rendered":"<p><span style=\"font-weight: 400;\">Na manh\u00e3 desta quinta-feira (20), no munic\u00edpio de Miradouro, a Pol\u00edcia Civil de Minas Gerais deflagrou uma a\u00e7\u00e3o que resultou na pris\u00e3o de uma mulher de 36 anos, suspeita de liderar o tr\u00e1fico de drogas na cidade.\u00a0<\/span><\/p>\n<p><span style=\"font-weight: 400;\">Policiais civis da Delegacia de Miradouro e agentes da Ag\u00eancia de Intelig\u00eancia da 4\u00aa Delegacia Regional de Muria\u00e9 cumpriram o mandado de pris\u00e3o preventiva, ap\u00f3s investiga\u00e7\u00f5es. \u201cApura\u00e7\u00f5es indicaram que ela atuaria no topo de uma pir\u00e2mide criminosa, envolvendo a atividade de tr\u00e1fico de drogas em Miradouro. A suspeita tamb\u00e9m estaria envolvida, recentemente, em evento criminoso ocorrido em Muria\u00e9, onde um ve\u00edculo foi roubado com emprego de arma de fogo e o autor localizado em sua resid\u00eancia, na cidade vizinha\u201d, explicou o Delegado Tayrony Esp\u00edndola, coordenador da Ag\u00eancia de Intelig\u00eancia.<\/span><\/p>\n<p><span style=\"font-weight: 400;\">A mulher j\u00e1 foi condenada por cometer o crime de tr\u00e1fico de drogas e aguardava julgamento do recurso em liberdade.\u00a0<\/span><span style=\"font-weight: 400;\">Ela foi encaminhada ao sistema prisional, permanecendo \u00e0 disposi\u00e7\u00e3o da Justi\u00e7a.<\/span><\/p>\n<p><strong>Fonte:\u00a0<\/strong>Assessoria<\/p>\n","protected":false},"excerpt":{"rendered":"<p>Na manh\u00e3 desta quinta-feira (20), no munic\u00edpio de Miradouro, a Pol\u00edcia Civil de Minas Gerais deflagrou uma a\u00e7\u00e3o que resultou na pris\u00e3o de uma mulher de 36 anos, suspeita de liderar o tr\u00e1fico de drogas na cidade.\u00a0 Policiais civis da Delegacia de Miradouro e agentes da Ag\u00eancia de Intelig\u00eancia da 4\u00aa Delegacia Regional de Muria\u00e9 [&hellip;]<\/p>\n","protected":false},"author":96,"featured_media":165308,"comment_status":"closed","ping_status":"closed","sticky":false,"template":"","format":"standard","meta":{"footnotes":""},"categories":[301,436,439],"tags":[],"class_list":["post-167283","post","type-post","status-publish","format-standard","has-post-thumbnail","hentry","category-artigos-policiais","category-destaque-da-semana","category-ultima-hora"],"_links":{"self":[{"href":"https:\/\/diarioregionaldigital.com.br\/index.php?rest_route=\/wp\/v2\/posts\/167283","targetHints":{"allow":["GET"]}}],"collection":[{"href":"https:\/\/diarioregionaldigital.com.br\/index.php?rest_route=\/wp\/v2\/posts"}],"about":[{"href":"https:\/\/diarioregionaldigital.com.br\/index.php?rest_route=\/wp\/v2\/types\/post"}],"author":[{"embeddable":true,"href":"https:\/\/diarioregionaldigital.com.br\/index.php?rest_route=\/wp\/v2\/users\/96"}],"replies":[{"embeddable":true,"href":"https:\/\/diarioregionaldigital.com.br\/index.php?rest_route=%2Fwp%2Fv2%2Fcomments&post=167283"}],"version-history":[{"count":0,"href":"https:\/\/diarioregionaldigital.com.br\/index.php?rest_route=\/wp\/v2\/posts\/167283\/revisions"}],"wp:featuredmedia":[{"embeddable":true,"href":"https:\/\/diarioregionaldigital.com.br\/index.php?rest_route=\/wp\/v2\/media\/165308"}],"wp:attachment":[{"href":"https:\/\/diarioregionaldigital.com.br\/index.php?rest_route=%2Fwp%2Fv2%2Fmedia&parent=167283"}],"wp:term":[{"taxonomy":"category","embeddable":true,"href":"https:\/\/diarioregionaldigital.com.br\/index.php?rest_route=%2Fwp%2Fv2%2Fcategories&post=167283"},{"taxonomy":"post_tag","embeddable":true,"href":"https:\/\/diarioregionaldigital.com.br\/index.php?rest_route=%2Fwp%2Fv2%2Ftags&post=167283"}],"curies":[{"name":"wp","href":"https:\/\/api.w.org\/{rel}","templated":true}]}}