{"id":167280,"date":"2020-08-20T18:27:36","date_gmt":"2020-08-20T21:27:36","guid":{"rendered":"https:\/\/diarioregionaldigital.com.br\/?p=167280"},"modified":"2020-08-20T18:27:36","modified_gmt":"2020-08-20T21:27:36","slug":"historiador-apresenta-em-video-acervo-do-museu-sobre-machado-de-assis","status":"publish","type":"post","link":"https:\/\/diarioregionaldigital.com.br\/?p=167280","title":{"rendered":"Historiador apresenta em v\u00eddeo acervo do Museu sobre Machado de Assis"},"content":{"rendered":"<p>Machado de Assis \u00e9 um dos mais conhecidos escritores brasileiros do s\u00e9culo 19, e se mant\u00e9m \u201cvivo\u201d at\u00e9 os dias de hoje pelo legado de sua obra liter\u00e1ria. No acervo do Museu &#8220;Mariano Proc\u00f3pio&#8221; \u00e9 poss\u00edvel encontrar alguns itens referentes ao escritor. Joaquim Maria Machado de Assis (1839-1908), ultrapassou diferentes barreiras em sua \u00e9poca, e ainda continua, e esse \u00e9 um dos temas abordados pelo historiador S\u00e9rgio Augusto Vicente em novo v\u00eddeo da s\u00e9rie sobre o acervo documental e bibliogr\u00e1fico do Museu.<\/p>\n<p>Este ano, o autor teve um dos seus livros mais emblem\u00e1ticos, \u201cMem\u00f3rias P\u00f3stumas de Br\u00e1s Cubas\u201d, de 1881, publicado em nova tradu\u00e7\u00e3o em ingl\u00eas. A edi\u00e7\u00e3o foi esgotada nos Estados Unidos em apenas um dia. No arquivo bibliogr\u00e1fico do Museu est\u00e1 a primeira vers\u00e3o desta obra, publicada em folhetim pela &#8220;Revista Brasileira&#8221;, com alguns dos cap\u00edtulos. Nela, Machado de Assis participava, junto com outros escritores, grupo que deu origem \u00e0 Academia Brasileira de Letras (ABL), onde ele se tornou presidente at\u00e9 1908, ocasi\u00e3o de sua morte.<\/p>\n<p>Outro fato destacado por S\u00e9rgio \u00e9 a amizade que mantinha com Am\u00e9lia Machado Cavalcanti de Albuquerque (1852-1946), a Viscondessa de Cavalcanti, sobrinha do comendador Mariano Proc\u00f3pio (1821-1872), pai do fundador do Museu, o advogado Alfdredo Ferreira Lage (1865-1944). Na cole\u00e7\u00e3o &#8220;Fam\u00edlia Cavalcanti&#8221;, por exemplo, est\u00e1 uma carta datada de 1900, com refer\u00eancia do escritor a respeito de um \u00e1lbum de aut\u00f3grafos, encaminhado pela viscondessa, para que ele autografasse, com a tarefa, tamb\u00e9m, de passar adiante, para outras personalidades da \u00e9poca. Al\u00e9m desses itens, outras curiosidades e documentos s\u00e3o apresentados neste trabalho, dispon\u00edvel no canal oficial da Prefeitura de Juiz de Fora (PJF), no YouTube e nas redes sociais do Museu, facebook\u00a0<a href=\"https:\/\/www.facebook.com\/museu.marianoprocopio\">www.facebook.com\/museu.marianoprocopio<\/a>\u00a0e instagram (@museumarianoprocopio).<\/p>\n<p><strong>Fonte:<\/strong> Assessoria<\/p>\n","protected":false},"excerpt":{"rendered":"<p>Machado de Assis \u00e9 um dos mais conhecidos escritores brasileiros do s\u00e9culo 19, e se mant\u00e9m \u201cvivo\u201d at\u00e9 os dias de hoje pelo legado de sua obra liter\u00e1ria. No acervo do Museu &#8220;Mariano Proc\u00f3pio&#8221; \u00e9 poss\u00edvel encontrar alguns itens referentes ao escritor. Joaquim Maria Machado de Assis (1839-1908), ultrapassou diferentes barreiras em sua \u00e9poca, e [&hellip;]<\/p>\n","protected":false},"author":96,"featured_media":167281,"comment_status":"closed","ping_status":"closed","sticky":false,"template":"","format":"standard","meta":{"footnotes":""},"categories":[256,436,439],"tags":[],"class_list":["post-167280","post","type-post","status-publish","format-standard","has-post-thumbnail","hentry","category-cultura","category-destaque-da-semana","category-ultima-hora"],"_links":{"self":[{"href":"https:\/\/diarioregionaldigital.com.br\/index.php?rest_route=\/wp\/v2\/posts\/167280","targetHints":{"allow":["GET"]}}],"collection":[{"href":"https:\/\/diarioregionaldigital.com.br\/index.php?rest_route=\/wp\/v2\/posts"}],"about":[{"href":"https:\/\/diarioregionaldigital.com.br\/index.php?rest_route=\/wp\/v2\/types\/post"}],"author":[{"embeddable":true,"href":"https:\/\/diarioregionaldigital.com.br\/index.php?rest_route=\/wp\/v2\/users\/96"}],"replies":[{"embeddable":true,"href":"https:\/\/diarioregionaldigital.com.br\/index.php?rest_route=%2Fwp%2Fv2%2Fcomments&post=167280"}],"version-history":[{"count":0,"href":"https:\/\/diarioregionaldigital.com.br\/index.php?rest_route=\/wp\/v2\/posts\/167280\/revisions"}],"wp:featuredmedia":[{"embeddable":true,"href":"https:\/\/diarioregionaldigital.com.br\/index.php?rest_route=\/wp\/v2\/media\/167281"}],"wp:attachment":[{"href":"https:\/\/diarioregionaldigital.com.br\/index.php?rest_route=%2Fwp%2Fv2%2Fmedia&parent=167280"}],"wp:term":[{"taxonomy":"category","embeddable":true,"href":"https:\/\/diarioregionaldigital.com.br\/index.php?rest_route=%2Fwp%2Fv2%2Fcategories&post=167280"},{"taxonomy":"post_tag","embeddable":true,"href":"https:\/\/diarioregionaldigital.com.br\/index.php?rest_route=%2Fwp%2Fv2%2Ftags&post=167280"}],"curies":[{"name":"wp","href":"https:\/\/api.w.org\/{rel}","templated":true}]}}