{"id":167277,"date":"2020-08-20T18:26:19","date_gmt":"2020-08-20T21:26:19","guid":{"rendered":"https:\/\/diarioregionaldigital.com.br\/?p=167277"},"modified":"2020-08-20T18:26:19","modified_gmt":"2020-08-20T21:26:19","slug":"praca-ceu-promove-live-com-lendas-e-brincadeiras-on-line-no-dia-do-folclore","status":"publish","type":"post","link":"https:\/\/diarioregionaldigital.com.br\/?p=167277","title":{"rendered":"Pra\u00e7a CEU promove live com lendas e brincadeiras on-line no \u201cDia do Folclore\u201d"},"content":{"rendered":"<p>O \u201cDia do Folclore\u201d, a ser comemorado no s\u00e1bado, 22, ter\u00e1 programa\u00e7\u00e3o especial, organizada pela equipe da Pra\u00e7a CEU (Centro de Artes e Esportes Unificados \u201cCoronel Adelmir Romualdo de Oliveira\u201d). L\u00e1, ser\u00e1 promovida live, com direito a lendas, causos, m\u00fasica, dan\u00e7a e muitas brincadeiras. A programa\u00e7\u00e3o ser\u00e1 transmitida pelo Instagram do CEU (@ceujf), a partir das 16 horas, sendo livre para todos os p\u00fablicos.<\/p>\n<p>O folclore j\u00e1 est\u00e1 sendo lembrado durante toda a semana, com atividades e desafios, tamb\u00e9m pelo Instagram da CEU. As pessoas que participam dessas a\u00e7\u00f5es s\u00e3o automaticamente inclu\u00eddas no sorteio de pr\u00eamios que acontecer\u00e1 durante a live.<\/p>\n<p>Conforme o coordenador-geral da CEU, Andr\u00e9 Noronha, as a\u00e7\u00f5es buscam dar acesso \u00e0s tradi\u00e7\u00f5es da cultura brasileira, de forma divertida, por meio de conta\u00e7\u00e3o de hist\u00f3rias, cantigas de roda, dan\u00e7as folcl\u00f3ricas e algumas brincadeiras. Articuladores da unidade v\u00e3o incorporar personagens do universo do \u201cS\u00edtio do Pica-pau Amarelo\u201d, como o \u201cSaci Perer\u00ea\u201d e a \u201cCuca\u201d. Tamb\u00e9m participam da live o \u201cCurupira\u201d, a \u201cIara\u201d e o \u201cBoto Cor-de-Rosa\u201d, entre outros.<\/p>\n<p>\u201c\u00c9 importante apresentar o rico folclore brasileiro para a comunidade, ajudando a propag\u00e1-lo cada vez mais. Com essa a\u00e7\u00e3o, valorizamos o conjunto de conhecimentos, cren\u00e7as, costumes, dan\u00e7as, can\u00e7\u00f5es e lendas do Brasil\u201d, afirmou Andr\u00e9. Ele destacou ainda que a live \u00e9 parte de estrat\u00e9gia da Pra\u00e7a CEU, que busca evitar a descontinuidade das atividades desenvolvidas: \u201cMesmo com a interrup\u00e7\u00e3o do atendimento presencial, em fun\u00e7\u00e3o do protocolo estabelecido para barrar a circula\u00e7\u00e3o do coronav\u00edrus, estamos mantendo contato com os usu\u00e1rios da pra\u00e7a, refer\u00eancia para muitas fam\u00edlias, sobretudo na zona norte da cidade\u201d.<\/p>\n<p>Al\u00e9m das lives, a unidade oferece oficinas de cultura e esporte e conte\u00fados correlatos em diversas plataformas, como WhatsApp, Instagram e aplicativos de videoconfer\u00eancia. O atendimento \u00e9 gratuito e aberto a pessoas de todas as faixas et\u00e1rias (a partir dos seis anos). Os interessados em participar das oficinas podem entrar em contato pelo link da bio no Instagram (@ceujf), informar idade e \u00e1rea de interesse. Outra op\u00e7\u00e3o \u00e9 enviar solicita\u00e7\u00e3o por meio do whatsapp do equipamento urbano (32) 99971-3231.<\/p>\n<p>A Pra\u00e7a CEU \u00e9 mantida pela Prefeitura de Juiz de Fora (PJF), por meio da Funda\u00e7\u00e3o Cultural \u201cAlfredo Ferreira Lage\u201d (Funalfa), com gest\u00e3o da Associa\u00e7\u00e3o Cultural Arte e Vida (Acav).<\/p>\n<p><strong>Fonte:\u00a0<\/strong>Assessoria<\/p>\n","protected":false},"excerpt":{"rendered":"<p>O \u201cDia do Folclore\u201d, a ser comemorado no s\u00e1bado, 22, ter\u00e1 programa\u00e7\u00e3o especial, organizada pela equipe da Pra\u00e7a CEU (Centro de Artes e Esportes Unificados \u201cCoronel Adelmir Romualdo de Oliveira\u201d). L\u00e1, ser\u00e1 promovida live, com direito a lendas, causos, m\u00fasica, dan\u00e7a e muitas brincadeiras. A programa\u00e7\u00e3o ser\u00e1 transmitida pelo Instagram do CEU (@ceujf), a partir [&hellip;]<\/p>\n","protected":false},"author":96,"featured_media":167278,"comment_status":"closed","ping_status":"closed","sticky":false,"template":"","format":"standard","meta":{"footnotes":""},"categories":[256,436,439],"tags":[],"class_list":["post-167277","post","type-post","status-publish","format-standard","has-post-thumbnail","hentry","category-cultura","category-destaque-da-semana","category-ultima-hora"],"_links":{"self":[{"href":"https:\/\/diarioregionaldigital.com.br\/index.php?rest_route=\/wp\/v2\/posts\/167277","targetHints":{"allow":["GET"]}}],"collection":[{"href":"https:\/\/diarioregionaldigital.com.br\/index.php?rest_route=\/wp\/v2\/posts"}],"about":[{"href":"https:\/\/diarioregionaldigital.com.br\/index.php?rest_route=\/wp\/v2\/types\/post"}],"author":[{"embeddable":true,"href":"https:\/\/diarioregionaldigital.com.br\/index.php?rest_route=\/wp\/v2\/users\/96"}],"replies":[{"embeddable":true,"href":"https:\/\/diarioregionaldigital.com.br\/index.php?rest_route=%2Fwp%2Fv2%2Fcomments&post=167277"}],"version-history":[{"count":0,"href":"https:\/\/diarioregionaldigital.com.br\/index.php?rest_route=\/wp\/v2\/posts\/167277\/revisions"}],"wp:featuredmedia":[{"embeddable":true,"href":"https:\/\/diarioregionaldigital.com.br\/index.php?rest_route=\/wp\/v2\/media\/167278"}],"wp:attachment":[{"href":"https:\/\/diarioregionaldigital.com.br\/index.php?rest_route=%2Fwp%2Fv2%2Fmedia&parent=167277"}],"wp:term":[{"taxonomy":"category","embeddable":true,"href":"https:\/\/diarioregionaldigital.com.br\/index.php?rest_route=%2Fwp%2Fv2%2Fcategories&post=167277"},{"taxonomy":"post_tag","embeddable":true,"href":"https:\/\/diarioregionaldigital.com.br\/index.php?rest_route=%2Fwp%2Fv2%2Ftags&post=167277"}],"curies":[{"name":"wp","href":"https:\/\/api.w.org\/{rel}","templated":true}]}}