{"id":167273,"date":"2020-08-20T17:39:05","date_gmt":"2020-08-20T20:39:05","guid":{"rendered":"https:\/\/diarioregionaldigital.com.br\/?p=167273"},"modified":"2020-08-20T17:39:05","modified_gmt":"2020-08-20T20:39:05","slug":"tjmg-condena-pjf-a-indenizar-homem-pelo-acidente-no-bairro-tres-moinhos","status":"publish","type":"post","link":"https:\/\/diarioregionaldigital.com.br\/?p=167273","title":{"rendered":"TJMG condena PJF a indenizar homem pelo acidente no Bairro Tr\u00eas Moinhos"},"content":{"rendered":"<p><span style=\"font-weight: 400;\">A 3\u00aa C\u00e2mara C\u00edvel do Tribunal de Justi\u00e7a de Minas Gerais (TJMG), condenou a Prefeitura de Juiz de Fora (PJF), a indenizar um homem que caiu de uma escada, que liga as ruas Jos\u00e9 Castro Ribeiro \u00e0 Rua Maria Florice dos Santos, no Bairro Tr\u00eas Moinhos (Regi\u00e3o Leste). A v\u00edtima ser\u00e1 indenizada no valor de R$ 8 mil pelo acidente.<\/span><\/p>\n<p><span style=\"font-weight: 400;\">Ele caminhava sobre a escada, quando em um determinado momento, um dos degraus se rompeu e a v\u00edtima caiu batendo a costela num bueiro de capta\u00e7\u00e3o de \u00e1guas pluviais. Diante disso, foi necess\u00e1rio atendimento m\u00e9dico e a v\u00edtima relatou que sentiu dores durante 23 dias ap\u00f3s o acidente.<\/span><\/p>\n<p><span style=\"font-weight: 400;\">Al\u00e9m disso, ele foi na Justi\u00e7a e na 2\u00aa Vara da Fazenda P\u00fablica e Autarquias Municipais da Comarca de Juiz de Fora, o qual condenou o munic\u00edpio a indeniz\u00e1-lo. Durante o processo da 1\u00aa inst\u00e2ncia, a per\u00edcia esteve no local do acidente e foi constatado que haviam prec\u00e1rias condi\u00e7\u00f5es de manuten\u00e7\u00e3o do local, com aus\u00eancia de pisos em diversos pontos, o que poderia ocasionar queda de pedestres.<\/span><\/p>\n<p><span style=\"font-weight: 400;\">Como defesa, a Prefeitura alegou atrav\u00e9s de recurso, que n\u00e3o teve culpa pelo acidente e diz que a causa foi a m\u00e1 utiliza\u00e7\u00e3o da via por moradores do local, o que ocasionou na queda da v\u00edtima. Inclusive, o Munic\u00edpio relata que naquele ponto, transitam cavalos e alguns moradores quebrar os degraus, para depositar entulho.\u00a0 Acrescenta ainda que n\u00e3o h\u00e1 comprova\u00e7\u00e3o de dano moral e pediu pela redu\u00e7\u00e3o do valor de indeniza\u00e7\u00e3o.<\/span><\/p>\n<p><b>Responsabilidade no acidente<\/b><\/p>\n<p><span style=\"font-weight: 400;\">Segundo o relator do caso, desembargador Jair Var\u00e3o, declarou que o Munic\u00edpio foi o respons\u00e1vel pelo acidente, como determina o artigo 37, \u00a7 6\u00ba, da Constitui\u00e7\u00e3o da Rep\u00fablica:<\/span><\/p>\n<p><span style=\"font-weight: 400;\">\u2018\u2019As pessoas jur\u00eddicas de direito p\u00fablico e as de direito privado prestadoras de servi\u00e7os p\u00fablicos responder\u00e3o pelos danos que seus agentes, nessa qualidade, causarem a terceiros, assegurado o direito de regresso contra o respons\u00e1vel nos casos de dolo ou culpa\u2019\u2019.<\/span><\/p>\n<p><span style=\"font-weight: 400;\">O relator observou que o nexo de causalidade entre o dano e a a\u00e7\u00e3o administrativa foram comprovados no laudo pericial e conclui que o mau estado de conserva\u00e7\u00e3o da escada ocasionou o acidente. Ele diz ainda que a constru\u00e7\u00e3o n\u00e3o atendeu os requisitos necess\u00e1rios de uma estrutura a ser utilizada em local p\u00fablico.<\/span><\/p>\n<p><span style=\"font-weight: 400;\">Quanto \u00e0 quest\u00e3o dos danos morais, o relator argumenta que \u2018\u2019o acidente ocorrido pela queda em via p\u00fablica per si pode causar dano moral, por ensejar sentimentos de ang\u00fastia, desespero e sofrimento que est\u00e3o al\u00e9m do razo\u00e1vel, ultrapassam o mero aborrecimento. Al\u00e9m disso, h\u00e3o de ser ponderadas as dores tor\u00e1cicas que acometeram o apelado mesmo ap\u00f3s 23 dias do acontecido\u2019\u2019.<\/span><\/p>\n<p>&nbsp;<\/p>\n","protected":false},"excerpt":{"rendered":"<p>A 3\u00aa C\u00e2mara C\u00edvel do Tribunal de Justi\u00e7a de Minas Gerais (TJMG), condenou a Prefeitura de Juiz de Fora (PJF), a indenizar um homem que caiu de uma escada, que liga as ruas Jos\u00e9 Castro Ribeiro \u00e0 Rua Maria Florice dos Santos, no Bairro Tr\u00eas Moinhos (Regi\u00e3o Leste). A v\u00edtima ser\u00e1 indenizada no valor de [&hellip;]<\/p>\n","protected":false},"author":96,"featured_media":167274,"comment_status":"closed","ping_status":"closed","sticky":false,"template":"","format":"standard","meta":{"footnotes":""},"categories":[253,436,439],"tags":[],"class_list":["post-167273","post","type-post","status-publish","format-standard","has-post-thumbnail","hentry","category-cidade","category-destaque-da-semana","category-ultima-hora"],"_links":{"self":[{"href":"https:\/\/diarioregionaldigital.com.br\/index.php?rest_route=\/wp\/v2\/posts\/167273","targetHints":{"allow":["GET"]}}],"collection":[{"href":"https:\/\/diarioregionaldigital.com.br\/index.php?rest_route=\/wp\/v2\/posts"}],"about":[{"href":"https:\/\/diarioregionaldigital.com.br\/index.php?rest_route=\/wp\/v2\/types\/post"}],"author":[{"embeddable":true,"href":"https:\/\/diarioregionaldigital.com.br\/index.php?rest_route=\/wp\/v2\/users\/96"}],"replies":[{"embeddable":true,"href":"https:\/\/diarioregionaldigital.com.br\/index.php?rest_route=%2Fwp%2Fv2%2Fcomments&post=167273"}],"version-history":[{"count":0,"href":"https:\/\/diarioregionaldigital.com.br\/index.php?rest_route=\/wp\/v2\/posts\/167273\/revisions"}],"wp:featuredmedia":[{"embeddable":true,"href":"https:\/\/diarioregionaldigital.com.br\/index.php?rest_route=\/wp\/v2\/media\/167274"}],"wp:attachment":[{"href":"https:\/\/diarioregionaldigital.com.br\/index.php?rest_route=%2Fwp%2Fv2%2Fmedia&parent=167273"}],"wp:term":[{"taxonomy":"category","embeddable":true,"href":"https:\/\/diarioregionaldigital.com.br\/index.php?rest_route=%2Fwp%2Fv2%2Fcategories&post=167273"},{"taxonomy":"post_tag","embeddable":true,"href":"https:\/\/diarioregionaldigital.com.br\/index.php?rest_route=%2Fwp%2Fv2%2Ftags&post=167273"}],"curies":[{"name":"wp","href":"https:\/\/api.w.org\/{rel}","templated":true}]}}