{"id":167271,"date":"2020-08-20T17:16:19","date_gmt":"2020-08-20T20:16:19","guid":{"rendered":"https:\/\/diarioregionaldigital.com.br\/?p=167271"},"modified":"2020-08-20T17:16:19","modified_gmt":"2020-08-20T20:16:19","slug":"ufjf-divulga-calendario-academico-do-ensino-remoto-emergencial","status":"publish","type":"post","link":"https:\/\/diarioregionaldigital.com.br\/?p=167271","title":{"rendered":"UFJF divulga calend\u00e1rio acad\u00eamico do ensino remoto emergencial"},"content":{"rendered":"<p>A Universidade Federal de Juiz de Fora (UFJF) divulgou nesta quinta-feira, 20, o novo\u00a0<a href=\"https:\/\/www2.ufjf.br\/estudante\/calendario-academico\/\">calend\u00e1rio acad\u00eamico<\/a>\u00a0para o in\u00edcio do ensino remoto emergencial. De acordo com o documento, as atividades n\u00e3o-presenciais do primeiro semestre letivo de 2020 come\u00e7am no dia 21 de setembro e v\u00e3o at\u00e9 27 de novembro. J\u00e1 a previs\u00e3o para o segundo semestre \u00e9 de in\u00edcio em 14 de dezembro e de t\u00e9rmino em 22 de mar\u00e7o de 2021. O calend\u00e1rio \u00e9 v\u00e1lido para os campus de Juiz de Fora e de Governador Valadares.<\/p>\n<p><a href=\"https:\/\/www2.ufjf.br\/estudante\/calendario-academico\/\">Confira o calend\u00e1rio acad\u00eamico.<\/a><\/p>\n<p><b>Datas importantes<\/b><\/p>\n<p>De 17 e 21 de agosto, o calend\u00e1rio acad\u00eamico prev\u00ea o cadastramento de estudantes e de docentes para acesso \u00e0s plataformas virtuais. O procedimento \u00e9 autom\u00e1tico e feito pelo Centro de Gest\u00e3o do Conhecimento Organizacional (CGCO).<\/p>\n<p>Os Departamentos ter\u00e3o prazo de 18 de agosto a 4 de setembro para indicar quais disciplinas ser\u00e3o oferecidas em ensino remoto emergencial no primeiro semestre. A ideia \u00e9 que os hor\u00e1rios das turmas sejam divulgadas em 11 de setembro.<\/p>\n<p>Os estudantes matriculados ter\u00e3o, ent\u00e3o, de 12 a 16 de setembro para optar se ir\u00e3o cursar as disciplinas oferecidas de forma remota e assinar o termo de grava\u00e7\u00e3o das atividades simult\u00e2neas.<\/p>\n<p>O per\u00edodo de ajuste de matr\u00edculas come\u00e7a em 16 de setembro e vai at\u00e9 30 do mesmo m\u00eas, tarefa a cargo das Coordena\u00e7\u00f5es de cursos. Nessa etapa, os estudantes ter\u00e3o a oportunidade de se matricular em outras disciplinas curriculares, desde que haja disponibilidade de vagas.<\/p>\n<p>O calend\u00e1rio acad\u00eamico prev\u00ea ainda todas as datas importantes do segundo semestre letivo. O documento est\u00e1 dispon\u00edvel no\u00a0<a href=\"https:\/\/www2.ufjf.br\/estudante\/calendario-academico\/\">Portal do Estudante<\/a>, no\u00a0<a href=\"https:\/\/www2.ufjf.br\/servidor\/calendario-academico\/\">Portal do Servidor<\/a>\u00a0e na p\u00e1gina da\u00a0<a href=\"https:\/\/www2.ufjf.br\/prograd\/\">Pr\u00f3-reitoria de Gradua\u00e7\u00e3o<\/a>.<\/p>\n<p><b>Calend\u00e1rio foi amplamente discutido<\/b><\/p>\n<p>A pr\u00f3-reitora de Gradua\u00e7\u00e3o,\u00a0<a href=\"http:\/\/buscatextual.cnpq.br\/buscatextual\/visualizacv.do?id=K4711109Y5&amp;tokenCaptchar=03AGdBq25og_PlYvtnhqAKCvHkOoLZR3tywrIAl8-BYJSn0ZNFhyL_-8RWDgimJo12KLK5JwFKMiVvtd1mN_dZuAiXNokK0_ItGbXAB-ZbbkpY9ZNJ3PHhUJ4LBeM8t1rrAIygbOfjBGMXP3GPjuX3PLm5-dvQuxqiX_DjH9itl7SttZ8pOTDUF0XFBf_uTaushjYXF0Lbil8ZqjRdxiVo9u-pSs1KeTAZQPUaDlJT2p4O6P4w1NoR-BLR_7igQ6u5XzaTZJzNBV2W1EgeMXtlLwJAzSlBA1PqdPJst0bgzIghYbetH8VmMA5X3ZOJx46wrQfR7qqLv7TwYgca1L2dzJv_lFtuo6L_XL8sC6kFap9O8S_elLFAaxvDQDPDun5uonoLw87OgfAg2IzNKKxjD-tIGqIwZ5n10Q\">Maria Carmen de Melo<\/a>, aponta que o cronograma para in\u00edcio das atividades acad\u00eamicas foi amplamente discutido por representantes dos segmentos estudantis e docentes, tanto do campus-sede quanto do campus avan\u00e7ado de Governador Valadares, e a maioria dos conselheiros, votou pela data vigente no documento. \u201cOs estudantes devem ficar atentos para os prazos apresentados no calend\u00e1rio, como, por exemplo, a confirma\u00e7\u00e3o da matr\u00edcula, a escolha das disciplinas que deseja cursar e o per\u00edodo que as coordena\u00e7\u00f5es de cursos t\u00eam para fazer os ajustes.\u201d<\/p>\n<p>De acordo com a\u00a0<a href=\"http:\/\/www2.ufjf.br\/consu\/wp-content\/uploads\/sites\/33\/2020\/08\/Resolu%C3%A7%C3%A3o-33.2020_Assinada-SEI.pdf\">Resolu\u00e7\u00e3o n\u00b0 33\/2020<\/a>, do Conselho Superior (Consu) da UFJF, a realiza\u00e7\u00e3o do m\u00e9todo de ensino nos cursos de gradua\u00e7\u00e3o da Institui\u00e7\u00e3o, em car\u00e1ter excepcional, seguem as orienta\u00e7\u00f5es de prote\u00e7\u00e3o \u00e0 sa\u00fade no contexto da pandemia de Covid-19.<\/p>\n<p><b>Ensino remoto emergencial<\/b><\/p>\n<p>A metodologia passa a ser utilizada como uma alternativa para a continuidade das atividades acad\u00eamicas, considerando a qualidade da educa\u00e7\u00e3o oferecida pela UFJF, assim como, a inclus\u00e3o, as condi\u00e7\u00f5es de trabalho e a vig\u00eancia emergencial. Dessa forma, ser\u00e1 desenvolvida temporariamente com o intuito de promover o ensino universit\u00e1rio, a partir da utiliza\u00e7\u00e3o de tecnologias digitais de informa\u00e7\u00e3o e comunica\u00e7\u00e3o, possibilitando a intera\u00e7\u00e3o entre o estudante, o professor e o conhecimento.<\/p>\n<p>Ainda \u00e9 importante considerar que atividades de ensino remoto emergencial devem atender aos estudantes em suas diferentes condi\u00e7\u00f5es s\u00f3cio-familiares, visando \u00e0 facilidade de acesso e \u00e0 melhor qualidade de ensino. Neste sentido, din\u00e2micas simult\u00e2neas devem ocorrer nos mesmos dias da semana, hor\u00e1rios previstos e cadastrados no Siga, de acordo com o Plano Departamental, ou em dias e hor\u00e1rios acordados entre os professores e todos os alunos da disciplina, sem que haja sobreposi\u00e7\u00e3o de hor\u00e1rios com outras mat\u00e9rias obrigat\u00f3rias do mesmo per\u00edodo e deve respeitar o turno de oferta do curso.<\/p>\n<p>Por se tratar de uma metodologia diferente da habitual, os estudantes podem requerer, a qualquer momento, o trancamento total ou parcial da matr\u00edcula, justificando a impossibilidade do acompanhamento das atividades remotas, sem a necessidade de apresenta\u00e7\u00e3o de uma documenta\u00e7\u00e3o comprobat\u00f3ria.<\/p>\n<p><b>Lives para tirar d\u00favidas<\/b><\/p>\n<p>Para tirar as d\u00favidas da comunidade acad\u00eamica,\u00a0a UFJF organiza uma s\u00e9rie de\u00a0<a href=\"https:\/\/www2.ufjf.br\/noticias\/2020\/08\/19\/ufjf-promove-eventos-virtuais-para-tirar-duvidas-sobre-ensino-remoto-emergencial\/?fbclid=IwAR0BEQKm0FLcAvvSnHGmERtZoOu4qR6Y6EZx_D4q9bqnCtpUV3OBfBsh9eg\">lives para explicar sobre a metodologia remota de ensino<\/a>. Os di\u00e1logos\u00a0 trazem temas diversos, como, por exemplo, esclarecimento de d\u00favidas; desafios e possibilidades de ensino durante a pandemia; inclus\u00e3o dos segmentos estudantis e docentes diante da situa\u00e7\u00e3o de excepcionalidade; e o uso de metodologias ativas para a continuidade da oferta de uma educa\u00e7\u00e3o de qualidade. As atividades\u00a0podem ser acompanhadas pelo\u00a0<a href=\"https:\/\/www.youtube.com\/tvufjf\">canal da UFJF no Youtube<\/a>, sem a necessidade de inscri\u00e7\u00e3o pr\u00e9via.<\/p>\n<p><b>Editais de aux\u00edlios digital e emergencial para estudantes<\/b><\/p>\n<p>A Pr\u00f3-reitoria de Assist\u00eancia Estudantil (Proae) est\u00e1 com tr\u00eas editais abertos para o desenvolvimento de a\u00e7\u00f5es de apoio social e inclus\u00e3o digital na Universidade, diante do contexto de suspens\u00e3o das atividades presenciais em decorr\u00eancia da pandemia causada pela Covid-19. Os editais de\u00a0<a href=\"https:\/\/www2.ufjf.br\/proae\/wp-content\/uploads\/sites\/57\/2020\/08\/Edital-Aux%C3%ADlio-Digital-Gradua%C3%A7%C3%A3o.pdf\">Aux\u00edlio Digital Gradua\u00e7\u00e3o<\/a>;\u00a0<a href=\"https:\/\/www2.ufjf.br\/proae\/wp-content\/uploads\/sites\/57\/2020\/08\/Edital-Aux%C3%ADlio-Digital-P%C3%B3s-Gradua%C3%A7%C3%A3o.pdf\">Aux\u00edlio Digital P\u00f3s-gradua\u00e7\u00e3o<\/a>\u00a0e\u00a0<a href=\"https:\/\/www2.ufjf.br\/proae\/wp-content\/uploads\/sites\/57\/2020\/08\/Edital-Aux%C3%ADlio-Emergencial-Gradua%C3%A7%C3%A3o.pdf\">Aux\u00edlio Emergencial Gradua\u00e7\u00e3o<\/a>\u00a0podem ser conferidos na\u00a0<a href=\"https:\/\/www2.ufjf.br\/proae\/editais\/acoes-de-apoio-social-e-inclusao-digital\/\">p\u00e1gina da Proae<\/a>\u00a0e as inscri\u00e7\u00f5es podem ser feitas at\u00e9 o dia 23 de agosto.<\/p>\n<p><strong>Fonte:\u00a0<\/strong>Assessoria<\/p>\n","protected":false},"excerpt":{"rendered":"<p>A Universidade Federal de Juiz de Fora (UFJF) divulgou nesta quinta-feira, 20, o novo\u00a0calend\u00e1rio acad\u00eamico\u00a0para o in\u00edcio do ensino remoto emergencial. De acordo com o documento, as atividades n\u00e3o-presenciais do primeiro semestre letivo de 2020 come\u00e7am no dia 21 de setembro e v\u00e3o at\u00e9 27 de novembro. J\u00e1 a previs\u00e3o para o segundo semestre \u00e9 [&hellip;]<\/p>\n","protected":false},"author":96,"featured_media":163381,"comment_status":"closed","ping_status":"closed","sticky":false,"template":"","format":"standard","meta":{"footnotes":""},"categories":[253,436,439],"tags":[],"class_list":["post-167271","post","type-post","status-publish","format-standard","has-post-thumbnail","hentry","category-cidade","category-destaque-da-semana","category-ultima-hora"],"_links":{"self":[{"href":"https:\/\/diarioregionaldigital.com.br\/index.php?rest_route=\/wp\/v2\/posts\/167271","targetHints":{"allow":["GET"]}}],"collection":[{"href":"https:\/\/diarioregionaldigital.com.br\/index.php?rest_route=\/wp\/v2\/posts"}],"about":[{"href":"https:\/\/diarioregionaldigital.com.br\/index.php?rest_route=\/wp\/v2\/types\/post"}],"author":[{"embeddable":true,"href":"https:\/\/diarioregionaldigital.com.br\/index.php?rest_route=\/wp\/v2\/users\/96"}],"replies":[{"embeddable":true,"href":"https:\/\/diarioregionaldigital.com.br\/index.php?rest_route=%2Fwp%2Fv2%2Fcomments&post=167271"}],"version-history":[{"count":0,"href":"https:\/\/diarioregionaldigital.com.br\/index.php?rest_route=\/wp\/v2\/posts\/167271\/revisions"}],"wp:featuredmedia":[{"embeddable":true,"href":"https:\/\/diarioregionaldigital.com.br\/index.php?rest_route=\/wp\/v2\/media\/163381"}],"wp:attachment":[{"href":"https:\/\/diarioregionaldigital.com.br\/index.php?rest_route=%2Fwp%2Fv2%2Fmedia&parent=167271"}],"wp:term":[{"taxonomy":"category","embeddable":true,"href":"https:\/\/diarioregionaldigital.com.br\/index.php?rest_route=%2Fwp%2Fv2%2Fcategories&post=167271"},{"taxonomy":"post_tag","embeddable":true,"href":"https:\/\/diarioregionaldigital.com.br\/index.php?rest_route=%2Fwp%2Fv2%2Ftags&post=167271"}],"curies":[{"name":"wp","href":"https:\/\/api.w.org\/{rel}","templated":true}]}}