{"id":167268,"date":"2020-08-20T16:57:43","date_gmt":"2020-08-20T19:57:43","guid":{"rendered":"https:\/\/diarioregionaldigital.com.br\/?p=167268"},"modified":"2020-08-20T16:57:43","modified_gmt":"2020-08-20T19:57:43","slug":"faculdade-de-enfermagem-da-ufjf-faz-coleta-material-para-testes-de-covid-19-no-abrigo-santa-helena","status":"publish","type":"post","link":"https:\/\/diarioregionaldigital.com.br\/?p=167268","title":{"rendered":"Faculdade de Enfermagem da UFJF faz coleta material para testes de Covid-19 no Abrigo Santa Helena"},"content":{"rendered":"<p><span style=\"font-weight: 400;\">O grupo de docentes da Faculdade de Enfermagem da Universidade Federal de Juiz de Fora (UFJF), junto com uma enfermeira do Hospital Universit\u00e1rio (HU), realizaram na quarta-feira (19) no Abrigo Santa Helena, a coleta material visando testes de Coronav\u00edrus. A institui\u00e7\u00e3o que abriga idosos, em parceria com o Rotary Internacional, conseguiu a aquisi\u00e7\u00e3o de testes de diagn\u00f3sticos que ser\u00e3o avaliados no Laborat\u00f3rio Central de Sa\u00fade P\u00fablica Noel Nutels do Rio de Janeiro (LACEN-RJ) no Rio de Janeiro.\u00a0<\/span><\/p>\n<p><span style=\"font-weight: 400;\">Segundo o levantamento, 194 pessoas, entre idosos e profissionais do abrigo, foram submetidas a coleta. Conforme o professor Thiago Nascimento, a equipe da UFJF foi contactada pelo Abrigo Santa Helena, para colaborar na coleta do material:<\/span><\/p>\n<p><span style=\"font-weight: 400;\">\u201cA equipe t\u00e9cnica do Abrigo Santa Helena entrou em contato com a equipe de coleta da Faculdade de Enfermagem para colabora\u00e7\u00e3o na coleta de amostras do trato respirat\u00f3rio superior para a realiza\u00e7\u00e3o do teste molecular RT-PCR para Covid-19\u201d, explica.<\/span><\/p>\n<p><span style=\"font-weight: 400;\">Para Thiago, existem pesquisadores que defendem realiza\u00e7\u00e3o do teste em larga escala, uma vez que \u00e9 de suma import\u00e2ncia para encontrar e isolar casos assintom\u00e1ticos, principalmente entre os profissionais de sa\u00fade, que podem transmitir o v\u00edrus a outros profissionais ou pacientes:<\/span><\/p>\n<p><span style=\"font-weight: 400;\">\u201cPor se tratar de uma institui\u00e7\u00e3o de longa perman\u00eancia de idosos, grupo de risco para aquisi\u00e7\u00e3o da doen\u00e7a, acredito que a institui\u00e7\u00e3o optou pela realiza\u00e7\u00e3o da testagem em larga escala na tentativa de controlar surtos e a proteger os pacientes mais vulner\u00e1veis. \u00c9 importante destacar que resultados positivos, caso existam, permitir\u00e3o adotar procedimentos adequados de isolamento e quarentena\u201d, destaca o professor.<\/span><\/p>\n<p><b>Outros projetos<\/b><\/p>\n<p><span style=\"font-weight: 400;\">Al\u00e9m da coleta material, a Faculdade de Enfermagem tem atuado em outras a\u00e7\u00f5es de combate ao Coronav\u00edrus. As equipes tamb\u00e9m realizam a coleta de amostras para testes de diagn\u00f3stico pelo m\u00e9todo RT-PCR, em parceria com a Prefeitura de Juiz de Fora (PJF), nos dois laborat\u00f3rios da institui\u00e7\u00e3o, que s\u00e3o no Instituto de Ci\u00eancias Biol\u00f3gicas e da Faculdade de Farm\u00e1cia.\u00a0<\/span><\/p>\n<p><span style=\"font-weight: 400;\">Com estes projetos, a UFJF contribui nos estudos de controle e mapeamento da doen\u00e7a pelo munic\u00edpio. Oferecendo respaldo para as tomadas de decis\u00f5es do poder p\u00fablico, al\u00e9m de reduzir o quadro de subnotifica\u00e7\u00e3o da doen\u00e7a.<\/span><\/p>\n","protected":false},"excerpt":{"rendered":"<p>O grupo de docentes da Faculdade de Enfermagem da Universidade Federal de Juiz de Fora (UFJF), junto com uma enfermeira do Hospital Universit\u00e1rio (HU), realizaram na quarta-feira (19) no Abrigo Santa Helena, a coleta material visando testes de Coronav\u00edrus. A institui\u00e7\u00e3o que abriga idosos, em parceria com o Rotary Internacional, conseguiu a aquisi\u00e7\u00e3o de testes [&hellip;]<\/p>\n","protected":false},"author":96,"featured_media":167269,"comment_status":"closed","ping_status":"closed","sticky":false,"template":"","format":"standard","meta":{"footnotes":""},"categories":[253,436,439],"tags":[],"class_list":["post-167268","post","type-post","status-publish","format-standard","has-post-thumbnail","hentry","category-cidade","category-destaque-da-semana","category-ultima-hora"],"_links":{"self":[{"href":"https:\/\/diarioregionaldigital.com.br\/index.php?rest_route=\/wp\/v2\/posts\/167268","targetHints":{"allow":["GET"]}}],"collection":[{"href":"https:\/\/diarioregionaldigital.com.br\/index.php?rest_route=\/wp\/v2\/posts"}],"about":[{"href":"https:\/\/diarioregionaldigital.com.br\/index.php?rest_route=\/wp\/v2\/types\/post"}],"author":[{"embeddable":true,"href":"https:\/\/diarioregionaldigital.com.br\/index.php?rest_route=\/wp\/v2\/users\/96"}],"replies":[{"embeddable":true,"href":"https:\/\/diarioregionaldigital.com.br\/index.php?rest_route=%2Fwp%2Fv2%2Fcomments&post=167268"}],"version-history":[{"count":0,"href":"https:\/\/diarioregionaldigital.com.br\/index.php?rest_route=\/wp\/v2\/posts\/167268\/revisions"}],"wp:featuredmedia":[{"embeddable":true,"href":"https:\/\/diarioregionaldigital.com.br\/index.php?rest_route=\/wp\/v2\/media\/167269"}],"wp:attachment":[{"href":"https:\/\/diarioregionaldigital.com.br\/index.php?rest_route=%2Fwp%2Fv2%2Fmedia&parent=167268"}],"wp:term":[{"taxonomy":"category","embeddable":true,"href":"https:\/\/diarioregionaldigital.com.br\/index.php?rest_route=%2Fwp%2Fv2%2Fcategories&post=167268"},{"taxonomy":"post_tag","embeddable":true,"href":"https:\/\/diarioregionaldigital.com.br\/index.php?rest_route=%2Fwp%2Fv2%2Ftags&post=167268"}],"curies":[{"name":"wp","href":"https:\/\/api.w.org\/{rel}","templated":true}]}}