{"id":167265,"date":"2020-08-20T16:38:37","date_gmt":"2020-08-20T19:38:37","guid":{"rendered":"https:\/\/diarioregionaldigital.com.br\/?p=167265"},"modified":"2020-08-20T16:38:51","modified_gmt":"2020-08-20T19:38:51","slug":"governo-de-minas-investe-em-ampliacao-da-testagem-para-covid-19","status":"publish","type":"post","link":"https:\/\/diarioregionaldigital.com.br\/?p=167265","title":{"rendered":"Governo de Minas investe em amplia\u00e7\u00e3o da testagem para covid-19"},"content":{"rendered":"<p>Como forma de ampliar os mecanismos de combate\u00a0ao coronav\u00edrus em Minas Gerais, a\u00a0<a href=\"https:\/\/www.saude.mg.gov.br\/\" target=\"_blank\" rel=\"noopener noreferrer\">Secretaria de Estado de Sa\u00fade (SES-MG)<\/a>\u00a0come\u00e7ou a orientar\u00a0os profissionais da rede de assist\u00eancia sobre uma nova forma do\u00a0teste RT-PCR, realizado\u00a0por meio da coleta de saliva. A novidade foi anunciada\u00a0pelo\u00a0secret\u00e1rio de Estado de Sa\u00fade de Minas Gerais, Carlos Eduardo Amaral, durante\u00a0coletiva virtual realizada nesta quinta-feira (20\/8), em Belo Horizonte.<\/p>\n<p>A nova forma de testagem \u00e9 encabe\u00e7ada pela coordena\u00e7\u00e3o estadual de Laborat\u00f3rio e Pesquisa da SES-MG, um grupo que conta com\u00a0a participa\u00e7\u00e3o de representantes da\u00a0<a href=\"http:\/\/www.funed.mg.gov.br\/\" target=\"_blank\" rel=\"noopener noreferrer\">Funed<\/a>,\u00a0<a href=\"http:\/\/www.hemominas.mg.gov.br\/\" target=\"_blank\" rel=\"noopener noreferrer\">Hemominas<\/a>, Funda\u00e7\u00e3o Oswaldo Cruz e Centro de Refer\u00eancia em Sa\u00fade do Trabalhador de Belo Horizonte (Cerest). Segundo o secret\u00e1rio, o\u00a0principal objetivo da SES-MG \u00e9 comparar as formas de coleta\u00a0do tipo\u00a0<i>swab<\/i>, em que utiliza-se uma esp\u00e9cie de cotonete, e a forma de coleta por meio da saliva.<\/p>\n<p>\u201cN\u00f3s validamos que o uso da saliva tem a mesma confiabilidade que o uso do\u00a0<i>swab<\/i>. Al\u00e9m disso, a coleta por meio da saliva \u00e9 mais simples, n\u00e3o interfere no tempo para processamento do exame e \u00e9 mais confort\u00e1vel para quem passa pelo o exame. Como n\u00e3o haveria mais necessidade do\u00a0<i>swab<\/i>, aumenta a chance de podermos, num tempo mais curto, expandir a indica\u00e7\u00e3o para coleta do exame\u201d, explicou o secret\u00e1rio.<\/p>\n<p><b>M\u00e9dia\u00a0<\/b><b>m<\/b><b>\u00f3vel<\/b><\/p>\n<p>De acordo com o boletim epidemiol\u00f3gico desta quinta-feira (20\/8), Minas Gerais registrou, at\u00e9 o momento, 185.062 casos confirmados da covid-19 e 4.543 \u00f3bitos. Amaral destacou que dos 107 \u00f3bitos confirmados pela SES-MG nas \u00faltimas 24 horas, cerca de 80% aconteceram nos \u00faltimos 15 dias. \u201cE 20% s\u00e3o \u00f3bitos antigos, que est\u00e3o sendo atualizados. Isso sinaliza que estamos conseguindo manter uma taxa de atualiza\u00e7\u00e3o razo\u00e1vel e o momento de transi\u00e7\u00e3o pra o Sivep-Gripe j\u00e1 est\u00e1 finalizando\u201d, completou o secret\u00e1rio.<\/p>\n<p><img decoding=\"async\" src=\"http:\/\/www.agenciaminas.mg.gov.br\/ckeditor_assets\/pictures\/9145\/content_grafico_20_08.jpg\" \/><\/p>\n<p><strong>Atualiza\u00e7\u00e3o<\/strong><\/p>\n<p>Com mais de 60% do Estado aderido ao plano Minas Consciente,\u00a0\u00a0o\u00a0secret\u00e1rio adjunto de\u00a0<a href=\"http:\/\/www.desenvolvimento.mg.gov.br\/\" target=\"_blank\" rel=\"noopener noreferrer\">Desenvolvimento Econ\u00f4mico<\/a>\u00a0Fernando Passalio apresentou o balan\u00e7o atualizado das a\u00e7\u00f5es. \u201cAt\u00e9 o momento, o plano conta com a ades\u00e3o de 535\u00a0munic\u00edpios. Esse quantitativo representa mais de 12 milh\u00f5es de mineiros impactados\u201d, informou Passalio.<\/p>\n<p>Ainda de acordo com o secret\u00e1rio adjunto, esta semana o Comit\u00ea Extraordin\u00e1rio da Covid-19 decidiu que a macrorregi\u00e3o Leste avan\u00e7a para a onda amarela. At\u00e9 o momento, as macrorregi\u00f5es com maior ades\u00e3o s\u00e3o a Centro Sul, com 47 munic\u00edpios aderidos de um total de 51; a Sudeste, com 73 de um total de 94; a regi\u00e3o Leste, com 47 de um total de 51; e a Noroeste, com 19 cidades aderidas\u00a0de um\u00a0total de 33.<\/p>\n<p>\u201cO plano nessas regi\u00f5es \u00e9 uma a\u00e7\u00e3o padronizada praticamente em todo o bloco. \u00c9 importante frisar que nas macrorregi\u00f5es onde h\u00e1 uma maior ades\u00e3o ao Minas Consciente, os indicadores epidemiol\u00f3gicos t\u00eam dado sinais claros de efici\u00eancia\u201d, concluiu Passalio.<\/p>\n<p><strong>Fonte:\u00a0<\/strong>Ag\u00eancia Minas<\/p>\n","protected":false},"excerpt":{"rendered":"<p>Como forma de ampliar os mecanismos de combate\u00a0ao coronav\u00edrus em Minas Gerais, a\u00a0Secretaria de Estado de Sa\u00fade (SES-MG)\u00a0come\u00e7ou a orientar\u00a0os profissionais da rede de assist\u00eancia sobre uma nova forma do\u00a0teste RT-PCR, realizado\u00a0por meio da coleta de saliva. A novidade foi anunciada\u00a0pelo\u00a0secret\u00e1rio de Estado de Sa\u00fade de Minas Gerais, Carlos Eduardo Amaral, durante\u00a0coletiva virtual realizada nesta [&hellip;]<\/p>\n","protected":false},"author":96,"featured_media":167266,"comment_status":"closed","ping_status":"closed","sticky":false,"template":"","format":"standard","meta":{"footnotes":""},"categories":[436,440,252,439],"tags":[],"class_list":["post-167265","post","type-post","status-publish","format-standard","has-post-thumbnail","hentry","category-destaque-da-semana","category-destaques-do-dia","category-regiao","category-ultima-hora"],"_links":{"self":[{"href":"https:\/\/diarioregionaldigital.com.br\/index.php?rest_route=\/wp\/v2\/posts\/167265","targetHints":{"allow":["GET"]}}],"collection":[{"href":"https:\/\/diarioregionaldigital.com.br\/index.php?rest_route=\/wp\/v2\/posts"}],"about":[{"href":"https:\/\/diarioregionaldigital.com.br\/index.php?rest_route=\/wp\/v2\/types\/post"}],"author":[{"embeddable":true,"href":"https:\/\/diarioregionaldigital.com.br\/index.php?rest_route=\/wp\/v2\/users\/96"}],"replies":[{"embeddable":true,"href":"https:\/\/diarioregionaldigital.com.br\/index.php?rest_route=%2Fwp%2Fv2%2Fcomments&post=167265"}],"version-history":[{"count":0,"href":"https:\/\/diarioregionaldigital.com.br\/index.php?rest_route=\/wp\/v2\/posts\/167265\/revisions"}],"wp:featuredmedia":[{"embeddable":true,"href":"https:\/\/diarioregionaldigital.com.br\/index.php?rest_route=\/wp\/v2\/media\/167266"}],"wp:attachment":[{"href":"https:\/\/diarioregionaldigital.com.br\/index.php?rest_route=%2Fwp%2Fv2%2Fmedia&parent=167265"}],"wp:term":[{"taxonomy":"category","embeddable":true,"href":"https:\/\/diarioregionaldigital.com.br\/index.php?rest_route=%2Fwp%2Fv2%2Fcategories&post=167265"},{"taxonomy":"post_tag","embeddable":true,"href":"https:\/\/diarioregionaldigital.com.br\/index.php?rest_route=%2Fwp%2Fv2%2Ftags&post=167265"}],"curies":[{"name":"wp","href":"https:\/\/api.w.org\/{rel}","templated":true}]}}