{"id":167262,"date":"2020-08-20T16:09:48","date_gmt":"2020-08-20T19:09:48","guid":{"rendered":"https:\/\/diarioregionaldigital.com.br\/?p=167262"},"modified":"2020-08-20T16:09:48","modified_gmt":"2020-08-20T19:09:48","slug":"tenista-brasileiro-thiago-wild-chega-a-nova-york-e-se-prepara-para-o-us-open","status":"publish","type":"post","link":"https:\/\/diarioregionaldigital.com.br\/?p=167262","title":{"rendered":"Tenista brasileiro Thiago Wild chega a Nova York e se prepara para o US Open"},"content":{"rendered":"<p><span style=\"font-weight: 400;\">Segundo melhor brasileiro do ranking da Associa\u00e7\u00e3o de Tenistas Profissionais (ATP em ingl\u00eas), o paranaense Thiago Wild, 20 anos, j\u00e1 desembarcou em Nova York e se prepara para a disputa do US Open, cujo seu in\u00edcio ser\u00e1 no dia 31 deste m\u00eas. Al\u00e9m disso, o brasileiro far\u00e1 sua estreia em um dos torneios de Grand Slam, a s\u00e9rie dos quatro principais torneios do t\u00eanis mundial, da qual fazem parte tamb\u00e9m o Aberto da Austr\u00e1lia, Roland Garros e Wimbledon.\u00a0<\/span><\/p>\n<p><span style=\"font-weight: 400;\">Thiago conta sobre a expectativa de disputar um Grand Slam pela primeira vez em sua carreira e relembra da vez em que foi campe\u00e3o juvenil do US Open em 2018:<\/span><\/p>\n<p><span style=\"font-weight: 400;\">&#8220;Jogar um Grand Slam \u00e9 sempre um passo a mais, jogo de cinco sets, muito diferente em um ano de um tenista. Expectativa \u00e9 jogar bem, fazer o que venho treinando e, quem sabe, avan\u00e7ar algumas rodadas. Sempre gostei de jogar em Nova York, uma quadra r\u00e1pida com altitude mais baixa. Jogar um Grand Slam \u00e9 sempre especial e voltar l\u00e1 dois anos depois de ter conquistado o t\u00edtulo juvenil ser\u00e1 muito gratificante pra mim\u201d.<\/span><\/p>\n<p><span style=\"font-weight: 400;\">Enquanto o US Open n\u00e3o come\u00e7a, o tenista brasileiro aguarda poss\u00edveis desist\u00eancias de outros atletas que disputam a fase qualificat\u00f3ria do Masters 1000 de Cincinnati, que teve seu in\u00edcio na quinta-feira (20), que por conta da pandemia do novo coronav\u00edrus, tamb\u00e9m ser\u00e1 jogado em Nova York.<\/span><\/p>\n<p><span style=\"font-weight: 400;\">Antes de encarar a longa viagem aos EUA, o paranaense fez uma intensa prepara\u00e7\u00e3o em quadra r\u00e1pida no Instituto Tennis Route, no Recreio dos Bandeirantes (RJ), sob a supervis\u00e3o do treinador Jo\u00e3o Zwetsch e tamb\u00e9m do tenista brasileiro Thiago Monteiro, n\u00famero 82 do mundo:<\/span><\/p>\n<p><span style=\"font-weight: 400;\">\u201cFisicamente, o Thiago (Wild) est\u00e1 muito bem preparado. Ser\u00e1 a primeira vez que jogar\u00e1 cinco sets, ele n\u00e3o tem experi\u00eancia em torneios ainda nesse tipo de jogo, mas ao longo da prepara\u00e7\u00e3o, uma vez por semana pelo menos, buscamos colocar jogos de cinco sets para ele&#8221;, disse Jo\u00e3o Zwetisch.\u00a0<\/span><\/p>\n","protected":false},"excerpt":{"rendered":"<p>Segundo melhor brasileiro do ranking da Associa\u00e7\u00e3o de Tenistas Profissionais (ATP em ingl\u00eas), o paranaense Thiago Wild, 20 anos, j\u00e1 desembarcou em Nova York e se prepara para a disputa do US Open, cujo seu in\u00edcio ser\u00e1 no dia 31 deste m\u00eas. Al\u00e9m disso, o brasileiro far\u00e1 sua estreia em um dos torneios de Grand [&hellip;]<\/p>\n","protected":false},"author":96,"featured_media":167263,"comment_status":"closed","ping_status":"closed","sticky":false,"template":"","format":"standard","meta":{"footnotes":""},"categories":[436,257,439],"tags":[],"class_list":["post-167262","post","type-post","status-publish","format-standard","has-post-thumbnail","hentry","category-destaque-da-semana","category-esporte","category-ultima-hora"],"_links":{"self":[{"href":"https:\/\/diarioregionaldigital.com.br\/index.php?rest_route=\/wp\/v2\/posts\/167262","targetHints":{"allow":["GET"]}}],"collection":[{"href":"https:\/\/diarioregionaldigital.com.br\/index.php?rest_route=\/wp\/v2\/posts"}],"about":[{"href":"https:\/\/diarioregionaldigital.com.br\/index.php?rest_route=\/wp\/v2\/types\/post"}],"author":[{"embeddable":true,"href":"https:\/\/diarioregionaldigital.com.br\/index.php?rest_route=\/wp\/v2\/users\/96"}],"replies":[{"embeddable":true,"href":"https:\/\/diarioregionaldigital.com.br\/index.php?rest_route=%2Fwp%2Fv2%2Fcomments&post=167262"}],"version-history":[{"count":0,"href":"https:\/\/diarioregionaldigital.com.br\/index.php?rest_route=\/wp\/v2\/posts\/167262\/revisions"}],"wp:featuredmedia":[{"embeddable":true,"href":"https:\/\/diarioregionaldigital.com.br\/index.php?rest_route=\/wp\/v2\/media\/167263"}],"wp:attachment":[{"href":"https:\/\/diarioregionaldigital.com.br\/index.php?rest_route=%2Fwp%2Fv2%2Fmedia&parent=167262"}],"wp:term":[{"taxonomy":"category","embeddable":true,"href":"https:\/\/diarioregionaldigital.com.br\/index.php?rest_route=%2Fwp%2Fv2%2Fcategories&post=167262"},{"taxonomy":"post_tag","embeddable":true,"href":"https:\/\/diarioregionaldigital.com.br\/index.php?rest_route=%2Fwp%2Fv2%2Ftags&post=167262"}],"curies":[{"name":"wp","href":"https:\/\/api.w.org\/{rel}","templated":true}]}}