{"id":167259,"date":"2020-08-20T15:55:22","date_gmt":"2020-08-20T18:55:22","guid":{"rendered":"https:\/\/diarioregionaldigital.com.br\/?p=167259"},"modified":"2020-08-20T15:55:22","modified_gmt":"2020-08-20T18:55:22","slug":"atacante-tuane-celebra-primeira-oportunidade-na-selecao-feminina-sub-17","status":"publish","type":"post","link":"https:\/\/diarioregionaldigital.com.br\/?p=167259","title":{"rendered":"Atacante Tuane celebra primeira oportunidade na Sele\u00e7\u00e3o Feminina Sub-17"},"content":{"rendered":"<p><span style=\"font-weight: 400;\">Estreante na Sele\u00e7\u00e3o Feminina Sub-17, a atacante Tuane, 16 anos, chega a sele\u00e7\u00e3o canarinho com a sensa\u00e7\u00e3o de estar realizando um sonho de toda menina que deseja jogar futebol profissional. Atualmente atleta do Flamengo Sub-18, a atacante vibra pela primeira convoca\u00e7\u00e3o para a Sele\u00e7\u00e3o Brasileira Feminina Sub-17, comandada por Simone Jatob\u00e1.\u00a0<\/span><\/p>\n<p><span style=\"font-weight: 400;\">Sua primeira oportunidade atuando junto com outras atletas, foi na Ta\u00e7a das Favelas do Rio de Janeiro em 2019. Ap\u00f3s este jogo, Tuane foi convocada para fazer um teste pelo rubro-negro carioca:<\/span><\/p>\n<p><span style=\"font-weight: 400;\">\u201cMinha primeira atua\u00e7\u00e3o s\u00f3 com meninas foi na Ta\u00e7a das Favelas. Me desenvolvi muito na competi\u00e7\u00e3o e o treinador do Flamengo estava l\u00e1 me olhando, mas eu n\u00e3o sabia. No fim do jogo ele veio falar comigo perguntando se eu gostaria de jogar pelo time. Quando eu estava em casa me avisaram que eu estava dentro. Chorei muito, pois era tudo que minha av\u00f3 queria. Infelizmente ela n\u00e3o est\u00e1 mais aqui\u201d, contou.<\/span><\/p>\n<p><span style=\"font-weight: 400;\">Tuane relembra que sua av\u00f3 deu total apoio para que jogasse futebol, tanto que ganhou uma chuteira de presente:<\/span><\/p>\n<p><span style=\"font-weight: 400;\">\u201cMinha av\u00f3 era como se fosse a minha m\u00e3e, sempre cuidou de mim desde que eu era muito nova. Ela sempre me incentivou e chegou a vender um buj\u00e3o de g\u00e1s para comprar uma chuteira. Ela faleceu e n\u00e3o conseguiu ver esse momento acontecer\u201d.<\/span><\/p>\n<p><span style=\"font-weight: 400;\">Hoje a atacante realiza o sonho de vestir a camisa da Sele\u00e7\u00e3o Brasileira e demonstra toda felicidade e gratid\u00e3o pelo grande cap\u00edtulo de sua carreira futebol\u00edstica. Atualmente ela treina na Granja Comary em Teres\u00f3polis (RJ), ao lado de suas companheiras de time, ap\u00f3s as atividades ficarem paralisadas durante 5 meses por conta da pandemia do Coronav\u00edrus. A equipe se prepara para o Campeonato Sul-Americano Feminino Sub-17, previsto para novembro, no Uruguai. Sobre a oportunidade de atuar pela Sele\u00e7\u00e3o, Tuane conta sobre a sensa\u00e7\u00e3o de ter sido convocada pela primeira vez:<\/span><\/p>\n<p><span style=\"font-weight: 400;\">\u201cFoi demais, chorei muito quando recebi a not\u00edcia. \u00c9 meu sonho estar aqui. A conviv\u00eancia est\u00e1 sendo \u00f3tima, as meninas s\u00e3o incr\u00edveis e me adaptei muito r\u00e1pido com elas. A comiss\u00e3o t\u00e9cnica j\u00e1 estava me observando no ano passado, mas algumas les\u00f5es acabaram adiando essa primeira convoca\u00e7\u00e3o\u201d, completou.<\/span><\/p>\n<p>&nbsp;<\/p>\n<p>&nbsp;<\/p>\n","protected":false},"excerpt":{"rendered":"<p>Estreante na Sele\u00e7\u00e3o Feminina Sub-17, a atacante Tuane, 16 anos, chega a sele\u00e7\u00e3o canarinho com a sensa\u00e7\u00e3o de estar realizando um sonho de toda menina que deseja jogar futebol profissional. Atualmente atleta do Flamengo Sub-18, a atacante vibra pela primeira convoca\u00e7\u00e3o para a Sele\u00e7\u00e3o Brasileira Feminina Sub-17, comandada por Simone Jatob\u00e1.\u00a0 Sua primeira oportunidade atuando [&hellip;]<\/p>\n","protected":false},"author":96,"featured_media":167260,"comment_status":"closed","ping_status":"closed","sticky":false,"template":"","format":"standard","meta":{"footnotes":""},"categories":[436,257,439],"tags":[],"class_list":["post-167259","post","type-post","status-publish","format-standard","has-post-thumbnail","hentry","category-destaque-da-semana","category-esporte","category-ultima-hora"],"_links":{"self":[{"href":"https:\/\/diarioregionaldigital.com.br\/index.php?rest_route=\/wp\/v2\/posts\/167259","targetHints":{"allow":["GET"]}}],"collection":[{"href":"https:\/\/diarioregionaldigital.com.br\/index.php?rest_route=\/wp\/v2\/posts"}],"about":[{"href":"https:\/\/diarioregionaldigital.com.br\/index.php?rest_route=\/wp\/v2\/types\/post"}],"author":[{"embeddable":true,"href":"https:\/\/diarioregionaldigital.com.br\/index.php?rest_route=\/wp\/v2\/users\/96"}],"replies":[{"embeddable":true,"href":"https:\/\/diarioregionaldigital.com.br\/index.php?rest_route=%2Fwp%2Fv2%2Fcomments&post=167259"}],"version-history":[{"count":0,"href":"https:\/\/diarioregionaldigital.com.br\/index.php?rest_route=\/wp\/v2\/posts\/167259\/revisions"}],"wp:featuredmedia":[{"embeddable":true,"href":"https:\/\/diarioregionaldigital.com.br\/index.php?rest_route=\/wp\/v2\/media\/167260"}],"wp:attachment":[{"href":"https:\/\/diarioregionaldigital.com.br\/index.php?rest_route=%2Fwp%2Fv2%2Fmedia&parent=167259"}],"wp:term":[{"taxonomy":"category","embeddable":true,"href":"https:\/\/diarioregionaldigital.com.br\/index.php?rest_route=%2Fwp%2Fv2%2Fcategories&post=167259"},{"taxonomy":"post_tag","embeddable":true,"href":"https:\/\/diarioregionaldigital.com.br\/index.php?rest_route=%2Fwp%2Fv2%2Ftags&post=167259"}],"curies":[{"name":"wp","href":"https:\/\/api.w.org\/{rel}","templated":true}]}}