{"id":167249,"date":"2020-08-20T13:54:59","date_gmt":"2020-08-20T16:54:59","guid":{"rendered":"https:\/\/diarioregionaldigital.com.br\/?p=167249"},"modified":"2020-08-20T13:54:59","modified_gmt":"2020-08-20T16:54:59","slug":"secretaria-de-saude-informa-que-estao-disponiveis-cerca-de-4-mil-doses-da-vacina-contra-a-gripe","status":"publish","type":"post","link":"https:\/\/diarioregionaldigital.com.br\/?p=167249","title":{"rendered":"Secretaria de Sa\u00fade informa que est\u00e3o dispon\u00edveis cerca de 4 mil doses da vacina contra a Gripe"},"content":{"rendered":"<p><span style=\"font-weight: 400;\">A Secretaria de Sa\u00fade (SS) da Prefeitura de Juiz de Fora (PJF), informa que o munic\u00edpio ainda tem aproximadamente 4 mil doses dispon\u00edveis da vacina contra a Gripe. Apesar de alcan\u00e7ar a meta de 90% da cobertura vacinal, estipulada pelo Minist\u00e9rio da Sa\u00fade (MS), a aplica\u00e7\u00e3o da vacina em Juiz de Fora permanece dispon\u00edvel para toda a popula\u00e7\u00e3o da cidade, desde o m\u00eas de julho.\u00a0<\/span><\/p>\n<p><span style=\"font-weight: 400;\">Os interessados devem procurar uma das 63 unidades b\u00e1sicas de Sa\u00fade (UBSs) espalhadas pelo munic\u00edpio, Pronto Atendimento M\u00e9dico (PAM) Marechal ou Departamento de Sa\u00fade da Mulher, Crian\u00e7a e Adolescente (DSMCA). A imuniza\u00e7\u00e3o ofertada \u00e9 a trivalente, que protege contra os tr\u00eas subtipos da influenza: H1N1, H3N2 e B. A Secretaria informa que a vacina n\u00e3o imuniza contra a covid-19, doen\u00e7a causada pelo coronav\u00edrus.<\/span><\/p>\n<p><b>Cobertura<\/b><\/p>\n<p><span style=\"font-weight: 400;\">At\u00e9 o momento j\u00e1 foram imunizadas 20.702 crian\u00e7as (63,06%), 3.135 gestantes (66,79%), 18.721 adultos (64,90%), 701 pu\u00e9rperas (90,80%), 26.446 profissionais de sa\u00fade (116,05%) e 84.940 idosos (118,78%). Neste p\u00fablico foram aplicadas 154.645 doses, chegando ao percentual de 95,80% de cobertura vacinal no Munic\u00edpio.<\/span><\/p>\n<p><span style=\"font-weight: 400;\">Al\u00e9m dessas, foram aplicadas 27.504 doses em pessoas com comorbidades, 229 em deficientes f\u00edsicos, 1.613 na popula\u00e7\u00e3o privada de liberdade, 872 em funcion\u00e1rios do sistema prisional, 5.012 em professores, 4.504 em servidores das for\u00e7as de seguran\u00e7a e salvamento, 2.185 em caminhoneiros e 2.065 em trabalhadores do transporte coletivo.\u00a0<\/span><\/p>\n<p><span style=\"font-weight: 400;\">Desde o dia 6 de julho, quando liberada para todas as faixas et\u00e1rias, 24.262 pessoas, que n\u00e3o fazem parte de nenhum grupo priorit\u00e1rio, receberam dose da vacina. Nesta parcela, 68.246 cidad\u00e3os foram imunizadas. Esse dado n\u00e3o entra na estat\u00edstica de cobertura, uma vez que n\u00e3o \u00e9 considerado priorit\u00e1rio pelo MS.<\/span><\/p>\n<p><b>Hor\u00e1rios de vacina\u00e7\u00e3o, de segunda a sexta-feira<\/b><\/p>\n<ul>\n<li><b>UBSs:<\/b><span style=\"font-weight: 400;\"> 8 horas \u00e0s 10h30 e 13 horas \u00e0s 16h30;<\/span><\/li>\n<li><b>DSMCA:<\/b><span style=\"font-weight: 400;\"> 8h30 \u00e0s 15h30, na Rua S\u00e3o Sebasti\u00e3o, 772, Centro. Neste posto, a vacina est\u00e1 dispon\u00edvel somente para crian\u00e7as (seis meses a menores de seis anos), gestantes e pu\u00e9rperas;<\/span><\/li>\n<li><b>. PAM Marechal:<\/b><span style=\"font-weight: 400;\"> 8 horas \u00e0s 16h30.<\/span><\/li>\n<\/ul>\n","protected":false},"excerpt":{"rendered":"<p>A Secretaria de Sa\u00fade (SS) da Prefeitura de Juiz de Fora (PJF), informa que o munic\u00edpio ainda tem aproximadamente 4 mil doses dispon\u00edveis da vacina contra a Gripe. Apesar de alcan\u00e7ar a meta de 90% da cobertura vacinal, estipulada pelo Minist\u00e9rio da Sa\u00fade (MS), a aplica\u00e7\u00e3o da vacina em Juiz de Fora permanece dispon\u00edvel para [&hellip;]<\/p>\n","protected":false},"author":96,"featured_media":167250,"comment_status":"closed","ping_status":"closed","sticky":false,"template":"","format":"standard","meta":{"footnotes":""},"categories":[253,436,439],"tags":[],"class_list":["post-167249","post","type-post","status-publish","format-standard","has-post-thumbnail","hentry","category-cidade","category-destaque-da-semana","category-ultima-hora"],"_links":{"self":[{"href":"https:\/\/diarioregionaldigital.com.br\/index.php?rest_route=\/wp\/v2\/posts\/167249","targetHints":{"allow":["GET"]}}],"collection":[{"href":"https:\/\/diarioregionaldigital.com.br\/index.php?rest_route=\/wp\/v2\/posts"}],"about":[{"href":"https:\/\/diarioregionaldigital.com.br\/index.php?rest_route=\/wp\/v2\/types\/post"}],"author":[{"embeddable":true,"href":"https:\/\/diarioregionaldigital.com.br\/index.php?rest_route=\/wp\/v2\/users\/96"}],"replies":[{"embeddable":true,"href":"https:\/\/diarioregionaldigital.com.br\/index.php?rest_route=%2Fwp%2Fv2%2Fcomments&post=167249"}],"version-history":[{"count":0,"href":"https:\/\/diarioregionaldigital.com.br\/index.php?rest_route=\/wp\/v2\/posts\/167249\/revisions"}],"wp:featuredmedia":[{"embeddable":true,"href":"https:\/\/diarioregionaldigital.com.br\/index.php?rest_route=\/wp\/v2\/media\/167250"}],"wp:attachment":[{"href":"https:\/\/diarioregionaldigital.com.br\/index.php?rest_route=%2Fwp%2Fv2%2Fmedia&parent=167249"}],"wp:term":[{"taxonomy":"category","embeddable":true,"href":"https:\/\/diarioregionaldigital.com.br\/index.php?rest_route=%2Fwp%2Fv2%2Fcategories&post=167249"},{"taxonomy":"post_tag","embeddable":true,"href":"https:\/\/diarioregionaldigital.com.br\/index.php?rest_route=%2Fwp%2Fv2%2Ftags&post=167249"}],"curies":[{"name":"wp","href":"https:\/\/api.w.org\/{rel}","templated":true}]}}