{"id":167237,"date":"2020-08-20T11:12:18","date_gmt":"2020-08-20T14:12:18","guid":{"rendered":"https:\/\/diarioregionaldigital.com.br\/?p=167237"},"modified":"2020-08-20T11:12:18","modified_gmt":"2020-08-20T14:12:18","slug":"caixa-paga-auxilio-emergencial-para-beneficiarios-do-bolsa-familia-2","status":"publish","type":"post","link":"https:\/\/diarioregionaldigital.com.br\/?p=167237","title":{"rendered":"Caixa paga aux\u00edlio emergencial para benefici\u00e1rios do Bolsa Fam\u00edlia"},"content":{"rendered":"<p>A Caixa continua pagando hoje (20) a quinta parcela do aux\u00edlio emergencial para os benefici\u00e1rios do programa Bolsa Fam\u00edlia. A cada dia, o saque \u00e9 liberado a um novo grupo conforme o final do N\u00famero de Identifica\u00e7\u00e3o Social (NIS). Ao todo, 19,2 milh\u00f5es de pessoas cadastradas no programa receber\u00e3o o dinheiro at\u00e9 31 de agosto.<img decoding=\"async\" src=\"https:\/\/agenciabrasil.ebc.com.br\/ebc.png?id=1314302&amp;o=node\" \/><img decoding=\"async\" src=\"https:\/\/agenciabrasil.ebc.com.br\/ebc.gif?id=1314302&amp;o=node\" \/><\/p>\n<p>O aux\u00edlio, com parcelas de R$ 600 (R$ 1,2 mil para m\u00e3es solteiras), foi criado para reduzir os efeitos da crise econ\u00f4mica causada pela pandemia da covid-19.<\/p>\n<p>Nesta quinta-feira (18), \u00e9 a vez dos benefici\u00e1rios com NIS final 3 que podem realizar o saque em esp\u00e9cie. Os primeiros a receber foram os benefici\u00e1rios com NIS final 1, na \u00faltima ter\u00e7a-feira (18). Ontem (19), foi a vez daqueles com NIS final 2. O pagamento segue em ordem crescente at\u00e9 chegar ao NIS 9 no dia 28 e termina com o NIS 0, no dia 31. N\u00e3o h\u00e1 pagamentos nos finais de semana.<\/p>\n<p><strong>Como \u00e9<\/strong><\/p>\n<p>O recebimento do aux\u00edlio emergencial por este p\u00fablico \u00e9 feito da mesma forma que o benef\u00edcio regular do Bolsa Fam\u00edlia, utilizando o cart\u00e3o nos canais de autoatendimento, unidades lot\u00e9ricas e correspondentes Caixa Aqui ou por cr\u00e9dito na conta Caixa F\u00e1cil.<\/p>\n<p>O aux\u00edlio emergencial j\u00e1 beneficiou 66,4 milh\u00f5es de pessoas. Destes, 19,2 milh\u00f5es s\u00e3o do Bolsa Fam\u00edlia, 10,5 milh\u00f5es do Cadastro \u00danico de Programas Sociais do Governo Federal (Cad\u00danico) e 36,7 milh\u00f5es se cadastraram pela primeira vez para receber recursos do governo federal.<\/p>\n<p><strong>Fonte:\u00a0<\/strong>Ag\u00eancia Brasil<\/p>\n","protected":false},"excerpt":{"rendered":"<p>A Caixa continua pagando hoje (20) a quinta parcela do aux\u00edlio emergencial para os benefici\u00e1rios do programa Bolsa Fam\u00edlia. A cada dia, o saque \u00e9 liberado a um novo grupo conforme o final do N\u00famero de Identifica\u00e7\u00e3o Social (NIS). Ao todo, 19,2 milh\u00f5es de pessoas cadastradas no programa receber\u00e3o o dinheiro at\u00e9 31 de agosto. [&hellip;]<\/p>\n","protected":false},"author":96,"featured_media":167238,"comment_status":"closed","ping_status":"closed","sticky":false,"template":"","format":"standard","meta":{"footnotes":""},"categories":[436,261,439],"tags":[],"class_list":["post-167237","post","type-post","status-publish","format-standard","has-post-thumbnail","hentry","category-destaque-da-semana","category-economia","category-ultima-hora"],"_links":{"self":[{"href":"https:\/\/diarioregionaldigital.com.br\/index.php?rest_route=\/wp\/v2\/posts\/167237","targetHints":{"allow":["GET"]}}],"collection":[{"href":"https:\/\/diarioregionaldigital.com.br\/index.php?rest_route=\/wp\/v2\/posts"}],"about":[{"href":"https:\/\/diarioregionaldigital.com.br\/index.php?rest_route=\/wp\/v2\/types\/post"}],"author":[{"embeddable":true,"href":"https:\/\/diarioregionaldigital.com.br\/index.php?rest_route=\/wp\/v2\/users\/96"}],"replies":[{"embeddable":true,"href":"https:\/\/diarioregionaldigital.com.br\/index.php?rest_route=%2Fwp%2Fv2%2Fcomments&post=167237"}],"version-history":[{"count":0,"href":"https:\/\/diarioregionaldigital.com.br\/index.php?rest_route=\/wp\/v2\/posts\/167237\/revisions"}],"wp:featuredmedia":[{"embeddable":true,"href":"https:\/\/diarioregionaldigital.com.br\/index.php?rest_route=\/wp\/v2\/media\/167238"}],"wp:attachment":[{"href":"https:\/\/diarioregionaldigital.com.br\/index.php?rest_route=%2Fwp%2Fv2%2Fmedia&parent=167237"}],"wp:term":[{"taxonomy":"category","embeddable":true,"href":"https:\/\/diarioregionaldigital.com.br\/index.php?rest_route=%2Fwp%2Fv2%2Fcategories&post=167237"},{"taxonomy":"post_tag","embeddable":true,"href":"https:\/\/diarioregionaldigital.com.br\/index.php?rest_route=%2Fwp%2Fv2%2Ftags&post=167237"}],"curies":[{"name":"wp","href":"https:\/\/api.w.org\/{rel}","templated":true}]}}