{"id":167234,"date":"2020-08-20T10:32:35","date_gmt":"2020-08-20T13:32:35","guid":{"rendered":"https:\/\/diarioregionaldigital.com.br\/?p=167234"},"modified":"2020-08-20T10:32:35","modified_gmt":"2020-08-20T13:32:35","slug":"congresso-derruba-veto-a-prazo-para-anvisa-autorizar-importacao-de-remedios-contra-covid-19","status":"publish","type":"post","link":"https:\/\/diarioregionaldigital.com.br\/?p=167234","title":{"rendered":"Congresso derruba veto a prazo para Anvisa autorizar importa\u00e7\u00e3o de rem\u00e9dios contra covid-19"},"content":{"rendered":"<p><span style=\"font-weight: 400;\">O Congresso Nacional derrubou na quarta-feira (19) o veto parcial \u00e0 Lei 14.006, de 2020, que permite \u00e0 Ag\u00eancia Nacional de Vigil\u00e2ncia Sanit\u00e1ria (Anvisa) autorizar a importa\u00e7\u00e3o e a distribui\u00e7\u00e3o de medicamentos e equipamentos contra a covid-19 j\u00e1 liberados para uso no exterior. O presidente da Rep\u00fablica, Jair Bolsonaro, havia vetado o dispositivo que determina o prazo de 72 horas para emiss\u00e3o da autoriza\u00e7\u00e3o (VET 18\/2020). O projeto foi sido aprovado no in\u00edcio de maio pelos senadores.<\/span><\/p>\n<p><span style=\"font-weight: 400;\">Oriunda do PL 864\/2020, da C\u00e2mara dos Deputados, a lei transferiu a prerrogativa de liberar medicamentos e insumos estrangeiros do Minist\u00e9rio da Sa\u00fade para a Anvisa, desde que tenham sido registrados para distribui\u00e7\u00e3o comercial por \u00f3rg\u00e3os competentes dos Estados Unidos, Uni\u00e3o Europeia, Jap\u00e3o ou China. Nesses casos, a Anvisa teria o prazo de at\u00e9 72 horas, ap\u00f3s a submiss\u00e3o do pedido, para liberar o medicamento, dispensada a autoriza\u00e7\u00e3o de qualquer outro \u00f3rg\u00e3o. No entanto, na mensagem do veto parcial, a Advocacia-Geral da Uni\u00e3o e o Minist\u00e9rio da Sa\u00fade alegaram que o prazo violava compet\u00eancia privativa do Poder Executivo.<\/span><\/p>\n<p><span style=\"font-weight: 400;\">\u201cA propositura legislativa viola a compet\u00eancia privativa do Presidente da Rep\u00fablica ao criar obriga\u00e7\u00e3o \u00e0 Ag\u00eancia Nacional de Vigil\u00e2ncia Sanit\u00e1ria (Anvisa) fixando o prazo de at\u00e9 72 (setenta e duas) horas para conceder determinada autoriza\u00e7\u00e3o e dispensar a autoriza\u00e7\u00e3o de qualquer outro \u00f3rg\u00e3o da administra\u00e7\u00e3o p\u00fablica direta ou indireta para tal medida\u201d, apontou o governo.<\/span><\/p>\n<p><span style=\"font-weight: 400;\">A medida faz parte de uma s\u00e9rie de projetos j\u00e1 aprovados pelo Senado e pela C\u00e2mara em sess\u00e3o remota com o objetivo de minimizar os impactos da pandemia pela covid-19.\u00a0\u00a0<\/span><\/p>\n<p><span style=\"font-weight: 400;\">Durante a vota\u00e7\u00e3o da mat\u00e9ria, o senador Rog\u00e9rio Carvalho (PT-SE), que foi relator no Senado, ressaltou que o momento \u00e9 at\u00edpico e por esta raz\u00e3o os parlamentares precisam dar respostas mais r\u00e1pidas, mas sem descuidar da seguran\u00e7a dos pacientes.<\/span><\/p>\n<p><span style=\"font-weight: 400;\">\u201cCremos que a proposta contida no projeto consegue equilibrar a urg\u00eancia da resposta com a garantia m\u00ednima de seguran\u00e7a aos pacientes que poder\u00e3o ser beneficiados com os novos produtos, pois apoia-se no trabalho anal\u00edtico desenvolvido por institui\u00e7\u00f5es internacionais de controle sanit\u00e1rio de qualidade e compet\u00eancia reconhecida\u201d defendeu Rog\u00e9rio Carvalho na ocasi\u00e3o.<\/span><\/p>\n<p><strong>Fonte:<\/strong> Ag\u00eancia Senado<\/p>\n","protected":false},"excerpt":{"rendered":"<p>O Congresso Nacional derrubou na quarta-feira (19) o veto parcial \u00e0 Lei 14.006, de 2020, que permite \u00e0 Ag\u00eancia Nacional de Vigil\u00e2ncia Sanit\u00e1ria (Anvisa) autorizar a importa\u00e7\u00e3o e a distribui\u00e7\u00e3o de medicamentos e equipamentos contra a covid-19 j\u00e1 liberados para uso no exterior. O presidente da Rep\u00fablica, Jair Bolsonaro, havia vetado o dispositivo que determina [&hellip;]<\/p>\n","protected":false},"author":96,"featured_media":167235,"comment_status":"closed","ping_status":"closed","sticky":false,"template":"","format":"standard","meta":{"footnotes":""},"categories":[436,440,254,439],"tags":[],"class_list":["post-167234","post","type-post","status-publish","format-standard","has-post-thumbnail","hentry","category-destaque-da-semana","category-destaques-do-dia","category-politica","category-ultima-hora"],"_links":{"self":[{"href":"https:\/\/diarioregionaldigital.com.br\/index.php?rest_route=\/wp\/v2\/posts\/167234","targetHints":{"allow":["GET"]}}],"collection":[{"href":"https:\/\/diarioregionaldigital.com.br\/index.php?rest_route=\/wp\/v2\/posts"}],"about":[{"href":"https:\/\/diarioregionaldigital.com.br\/index.php?rest_route=\/wp\/v2\/types\/post"}],"author":[{"embeddable":true,"href":"https:\/\/diarioregionaldigital.com.br\/index.php?rest_route=\/wp\/v2\/users\/96"}],"replies":[{"embeddable":true,"href":"https:\/\/diarioregionaldigital.com.br\/index.php?rest_route=%2Fwp%2Fv2%2Fcomments&post=167234"}],"version-history":[{"count":0,"href":"https:\/\/diarioregionaldigital.com.br\/index.php?rest_route=\/wp\/v2\/posts\/167234\/revisions"}],"wp:featuredmedia":[{"embeddable":true,"href":"https:\/\/diarioregionaldigital.com.br\/index.php?rest_route=\/wp\/v2\/media\/167235"}],"wp:attachment":[{"href":"https:\/\/diarioregionaldigital.com.br\/index.php?rest_route=%2Fwp%2Fv2%2Fmedia&parent=167234"}],"wp:term":[{"taxonomy":"category","embeddable":true,"href":"https:\/\/diarioregionaldigital.com.br\/index.php?rest_route=%2Fwp%2Fv2%2Fcategories&post=167234"},{"taxonomy":"post_tag","embeddable":true,"href":"https:\/\/diarioregionaldigital.com.br\/index.php?rest_route=%2Fwp%2Fv2%2Ftags&post=167234"}],"curies":[{"name":"wp","href":"https:\/\/api.w.org\/{rel}","templated":true}]}}