{"id":167232,"date":"2020-08-20T10:23:16","date_gmt":"2020-08-20T13:23:16","guid":{"rendered":"https:\/\/diarioregionaldigital.com.br\/?p=167232"},"modified":"2020-08-20T10:23:16","modified_gmt":"2020-08-20T13:23:16","slug":"minas-gerais-registra-aumento-de-quase-quatro-mil-novos-casos-de-coronavirus","status":"publish","type":"post","link":"https:\/\/diarioregionaldigital.com.br\/?p=167232","title":{"rendered":"Minas Gerais registra aumento de quase quatro mil novos casos de Coronav\u00edrus"},"content":{"rendered":"<p>O novo <a href=\"https:\/\/www.saude.mg.gov.br\/images\/noticias_e_eventos\/000_2020\/Boletins_Corona\/Boletim_Epidemiologico_COVID-19_20.08.2020.pdf\">boletim epidemiol\u00f3gico<\/a> divulgado pela Secretaria de Estado da Sa\u00fade de Minas Gerais (SES-MG), indica que em 24h, o estado registrou 3.904 novos casos de Coronav\u00edrus, acumulando 185.062. Conforme o levantamento, houve aumento de 107 \u00f3bitos, totalizando 4.543. O boletim diz que 2.602 v\u00edtimas s\u00e3o do sexo masculino e 1.941 s\u00e3o do feminino.<\/p>\n<p>Conforme os dados, 151.391 pacientes est\u00e3o recuperados da doen\u00e7a, representando 81,8% dos casos. Al\u00e9m disso, 29.128 fazem acompanhamento m\u00e9dico. At\u00e9 ent\u00e3o foram feitos 96.244 testes laboratoriais, sendo que 23.857 deram positivo, 68.883 deram negativo e 1.832 est\u00e3o sob an\u00e1lise. Quanto aos dados de hospitaliza\u00e7\u00e3o, 19.678 pacientes infectados est\u00e3o internados em hospitais e 165.384 fazem isolamento domiciliar.<\/p>\n<div><\/div>\n<div class=\"the_champ_sharing_container the_champ_horizontal_sharing\"><\/div>\n<p>&nbsp;<\/p>\n","protected":false},"excerpt":{"rendered":"<p>O novo boletim epidemiol\u00f3gico divulgado pela Secretaria de Estado da Sa\u00fade de Minas Gerais (SES-MG), indica que em 24h, o estado registrou 3.904 novos casos de Coronav\u00edrus, acumulando 185.062. Conforme o levantamento, houve aumento de 107 \u00f3bitos, totalizando 4.543. O boletim diz que 2.602 v\u00edtimas s\u00e3o do sexo masculino e 1.941 s\u00e3o do feminino. Conforme [&hellip;]<\/p>\n","protected":false},"author":96,"featured_media":158353,"comment_status":"closed","ping_status":"closed","sticky":false,"template":"","format":"standard","meta":{"footnotes":""},"categories":[436,440,252,439],"tags":[],"class_list":["post-167232","post","type-post","status-publish","format-standard","has-post-thumbnail","hentry","category-destaque-da-semana","category-destaques-do-dia","category-regiao","category-ultima-hora"],"_links":{"self":[{"href":"https:\/\/diarioregionaldigital.com.br\/index.php?rest_route=\/wp\/v2\/posts\/167232","targetHints":{"allow":["GET"]}}],"collection":[{"href":"https:\/\/diarioregionaldigital.com.br\/index.php?rest_route=\/wp\/v2\/posts"}],"about":[{"href":"https:\/\/diarioregionaldigital.com.br\/index.php?rest_route=\/wp\/v2\/types\/post"}],"author":[{"embeddable":true,"href":"https:\/\/diarioregionaldigital.com.br\/index.php?rest_route=\/wp\/v2\/users\/96"}],"replies":[{"embeddable":true,"href":"https:\/\/diarioregionaldigital.com.br\/index.php?rest_route=%2Fwp%2Fv2%2Fcomments&post=167232"}],"version-history":[{"count":0,"href":"https:\/\/diarioregionaldigital.com.br\/index.php?rest_route=\/wp\/v2\/posts\/167232\/revisions"}],"wp:featuredmedia":[{"embeddable":true,"href":"https:\/\/diarioregionaldigital.com.br\/index.php?rest_route=\/wp\/v2\/media\/158353"}],"wp:attachment":[{"href":"https:\/\/diarioregionaldigital.com.br\/index.php?rest_route=%2Fwp%2Fv2%2Fmedia&parent=167232"}],"wp:term":[{"taxonomy":"category","embeddable":true,"href":"https:\/\/diarioregionaldigital.com.br\/index.php?rest_route=%2Fwp%2Fv2%2Fcategories&post=167232"},{"taxonomy":"post_tag","embeddable":true,"href":"https:\/\/diarioregionaldigital.com.br\/index.php?rest_route=%2Fwp%2Fv2%2Ftags&post=167232"}],"curies":[{"name":"wp","href":"https:\/\/api.w.org\/{rel}","templated":true}]}}