{"id":167224,"date":"2020-08-20T06:00:38","date_gmt":"2020-08-20T09:00:38","guid":{"rendered":"https:\/\/diarioregionaldigital.com.br\/?p=167224"},"modified":"2020-08-20T00:11:25","modified_gmt":"2020-08-20T03:11:25","slug":"prefeitura-municipal-de-coronel-pacheco-pregao-no014-20-08-2020","status":"publish","type":"post","link":"https:\/\/diarioregionaldigital.com.br\/?p=167224","title":{"rendered":"Prefeitura Municipal de Coronel Pacheco &#8211; Preg\u00e3o n\u00ba014 &#8211; 20\/08\/2020"},"content":{"rendered":"<p style=\"text-align: center;\"><strong>AVISO DE LICITA\u00c7\u00c3O<\/strong><\/p>\n<p style=\"text-align: center;\"><strong>Preg\u00e3o Presencial n\u00ba 014\/2020<\/strong><\/p>\n<p style=\"text-align: center;\">O Munic\u00edpio de Coronel Pacheco, por interm\u00e9dio do Pregoeiro Municipal, torna p\u00fablica a realiza\u00e7\u00e3o de PREG\u00c3O PRESENCIAL no dia e hor\u00e1rio abaixo relacionados:<\/p>\n<p style=\"text-align: left;\"><strong>OBJETO:<\/strong> CONTRATA\u00c7\u00c3O DE SOCIEDADE EMPRES\u00c1RIA PARA AQUISI\u00c7\u00c3O DE MATERIAL DE CONSUMO HOSPITALAR PARA SECRETARIA MUNICIPAL DE SA\u00daDE E SANEAMENTO.<\/p>\n<p style=\"text-align: left;\"><strong>ABERTURA DOS ENVELOPES:<\/strong> 01 de setembro de 2020<\/p>\n<p style=\"text-align: left;\"><strong>HOR\u00c1RIO:<\/strong> 10:00h<\/p>\n<p style=\"text-align: center;\">Os interessados poder\u00e3o obter maiores informa\u00e7\u00f5es no setor de licita\u00e7\u00f5es da Prefeitura Municipal de Coronel Pacheco, com sede na Pra\u00e7a Carlos Chagas, n\u00ba 01, Centro, Tel: (32) 3258-1112.<\/p>\n<p style=\"text-align: center;\"><strong>Emerson Correa Gomes<\/strong><\/p>\n<p style=\"text-align: center;\"><strong>Pregoeiro<\/strong><\/p>\n","protected":false},"excerpt":{"rendered":"<p>AVISO DE LICITA\u00c7\u00c3O Preg\u00e3o Presencial n\u00ba 014\/2020 O Munic\u00edpio de Coronel Pacheco, por interm\u00e9dio do Pregoeiro Municipal, torna p\u00fablica a realiza\u00e7\u00e3o de PREG\u00c3O PRESENCIAL no dia e hor\u00e1rio abaixo relacionados: OBJETO: CONTRATA\u00c7\u00c3O DE SOCIEDADE EMPRES\u00c1RIA PARA AQUISI\u00c7\u00c3O DE MATERIAL DE CONSUMO HOSPITALAR PARA SECRETARIA MUNICIPAL DE SA\u00daDE E SANEAMENTO. ABERTURA DOS ENVELOPES: 01 de setembro [&hellip;]<\/p>\n","protected":false},"author":96,"featured_media":0,"comment_status":"closed","ping_status":"closed","sticky":false,"template":"","format":"standard","meta":{"footnotes":""},"categories":[307],"tags":[],"class_list":["post-167224","post","type-post","status-publish","format-standard","hentry","category-editais"],"_links":{"self":[{"href":"https:\/\/diarioregionaldigital.com.br\/index.php?rest_route=\/wp\/v2\/posts\/167224","targetHints":{"allow":["GET"]}}],"collection":[{"href":"https:\/\/diarioregionaldigital.com.br\/index.php?rest_route=\/wp\/v2\/posts"}],"about":[{"href":"https:\/\/diarioregionaldigital.com.br\/index.php?rest_route=\/wp\/v2\/types\/post"}],"author":[{"embeddable":true,"href":"https:\/\/diarioregionaldigital.com.br\/index.php?rest_route=\/wp\/v2\/users\/96"}],"replies":[{"embeddable":true,"href":"https:\/\/diarioregionaldigital.com.br\/index.php?rest_route=%2Fwp%2Fv2%2Fcomments&post=167224"}],"version-history":[{"count":0,"href":"https:\/\/diarioregionaldigital.com.br\/index.php?rest_route=\/wp\/v2\/posts\/167224\/revisions"}],"wp:attachment":[{"href":"https:\/\/diarioregionaldigital.com.br\/index.php?rest_route=%2Fwp%2Fv2%2Fmedia&parent=167224"}],"wp:term":[{"taxonomy":"category","embeddable":true,"href":"https:\/\/diarioregionaldigital.com.br\/index.php?rest_route=%2Fwp%2Fv2%2Fcategories&post=167224"},{"taxonomy":"post_tag","embeddable":true,"href":"https:\/\/diarioregionaldigital.com.br\/index.php?rest_route=%2Fwp%2Fv2%2Ftags&post=167224"}],"curies":[{"name":"wp","href":"https:\/\/api.w.org\/{rel}","templated":true}]}}