{"id":167217,"date":"2020-08-20T06:00:59","date_gmt":"2020-08-20T09:00:59","guid":{"rendered":"https:\/\/diarioregionaldigital.com.br\/?p=167217"},"modified":"2020-08-20T00:12:06","modified_gmt":"2020-08-20T03:12:06","slug":"pois-e","status":"publish","type":"post","link":"https:\/\/diarioregionaldigital.com.br\/?p=167217","title":{"rendered":"Pois \u00c9"},"content":{"rendered":"<p style=\"text-align: center;\"><strong>Retomada<\/strong><\/p>\n<p style=\"text-align: center;\">Apesar da abertura do setor produtivo, o Parque Estadual de Ibitipoca permanece fechado. Um curso sobre sanitiza\u00e7\u00e3o est\u00e1 em curso, e a Amai, agora, trabalha junto ao Sebrae para realizar capacita\u00e7\u00e3o com propriet\u00e1rios de bares e restaurantes locais sobre a adequa\u00e7\u00e3o dos estabelecimentos com as medidas sanit\u00e1rias previstas pelo Minas Consciente.<\/p>\n<p style=\"text-align: center;\"><strong>Biblioteca<\/strong><\/p>\n<p style=\"text-align: center;\">Fundada em 2008, a editora Cobog\u00f3 construiu um cat\u00e1logo de mais de 270 t\u00edtulos sobre arte, cultura e pensamento contempor\u00e2neo. As obras v\u00e3o da filosofia de Andy Warhol a t\u00edtulos de Grada Kilomba, autora-destaque na Flip 2019 e cujo livro \u201cMem\u00f3rias da planta\u00e7\u00e3o \u2013 Epis\u00f3dios de racismo cotidiano\u201d foi listado entre os melhores pela revista 451.<\/p>\n<p style=\"text-align: center;\"><strong>Na Pauta<\/strong><\/p>\n<p style=\"text-align: center;\">Sens\u00edvel para a arte e a cultura em Juiz de Fora, a pr\u00f3-reitora de Cultura da UFJF, Valeria Faria, fala que o Encontro de Musicologia Hist\u00f3rica 2020, que acontece a cada dois anos, ser\u00e1 de forma remota, com pain\u00e9is on-line e o tradicional livro do encontro tamb\u00e9m vai ganhar formato digital. Quando novembro vier.<\/p>\n<p style=\"text-align: center;\"><span style=\"font-size: 14pt;\"><strong>Pois \u00c9<\/strong><\/span><\/p>\n<p style=\"text-align: center;\">O movimento \u00e9 intenso nas ruas de Juiz de Fora, ap\u00f3s reabertura do com\u00e9rcio na cidade. A grande movimenta\u00e7\u00e3o de pessoas e filas enormes com a migra\u00e7\u00e3o da onda amarela, trouxe euforia para os empres\u00e1rios e muita preocupa\u00e7\u00e3o para as Unidade de Sa\u00fade. O m\u00ednimo que podemos esperar \u00e9 que os empres\u00e1rios cumpram todos os protocolos.<\/p>\n<div id=\"attachment_167207\" style=\"width: 690px\" class=\"wp-caption aligncenter\"><img loading=\"lazy\" decoding=\"async\" aria-describedby=\"caption-attachment-167207\" class=\"wp-image-167207\" src=\"https:\/\/diarioregionaldigital.com.br\/wp-content\/uploads\/2020\/08\/fotoaa-2-e1597892023458.jpg\" alt=\"\" width=\"680\" height=\"539\" srcset=\"https:\/\/diarioregionaldigital.com.br\/wp-content\/uploads\/2020\/08\/fotoaa-2-e1597892023458.jpg 1242w, https:\/\/diarioregionaldigital.com.br\/wp-content\/uploads\/2020\/08\/fotoaa-2-e1597892023458-300x238.jpg 300w, https:\/\/diarioregionaldigital.com.br\/wp-content\/uploads\/2020\/08\/fotoaa-2-e1597892023458-1024x812.jpg 1024w, https:\/\/diarioregionaldigital.com.br\/wp-content\/uploads\/2020\/08\/fotoaa-2-e1597892023458-768x609.jpg 768w, https:\/\/diarioregionaldigital.com.br\/wp-content\/uploads\/2020\/08\/fotoaa-2-e1597892023458-360x286.jpg 360w\" sizes=\"auto, (max-width: 680px) 100vw, 680px\" \/><p id=\"caption-attachment-167207\" class=\"wp-caption-text\">A bonita fisioterapeuta Luna Petermann \u00e9 a aniversariante de destaque absoluta da semana<\/p><\/div>\n<div id=\"attachment_167208\" style=\"width: 690px\" class=\"wp-caption aligncenter\"><img loading=\"lazy\" decoding=\"async\" aria-describedby=\"caption-attachment-167208\" class=\"wp-image-167208\" src=\"https:\/\/diarioregionaldigital.com.br\/wp-content\/uploads\/2020\/08\/fotob-9-e1597889586846.jpg\" alt=\"\" width=\"680\" height=\"506\" srcset=\"https:\/\/diarioregionaldigital.com.br\/wp-content\/uploads\/2020\/08\/fotob-9-e1597889586846.jpg 583w, https:\/\/diarioregionaldigital.com.br\/wp-content\/uploads\/2020\/08\/fotob-9-e1597889586846-300x223.jpg 300w, https:\/\/diarioregionaldigital.com.br\/wp-content\/uploads\/2020\/08\/fotob-9-e1597889586846-360x268.jpg 360w\" sizes=\"auto, (max-width: 680px) 100vw, 680px\" \/><p id=\"caption-attachment-167208\" class=\"wp-caption-text\">Um close na linda Ariane Dutra Ferreira em brinde alto astral<\/p><\/div>\n<div id=\"attachment_167209\" style=\"width: 690px\" class=\"wp-caption aligncenter\"><img loading=\"lazy\" decoding=\"async\" aria-describedby=\"caption-attachment-167209\" class=\"wp-image-167209\" src=\"https:\/\/diarioregionaldigital.com.br\/wp-content\/uploads\/2020\/08\/fotoc-10-e1597889558491.jpg\" alt=\"\" width=\"680\" height=\"520\" srcset=\"https:\/\/diarioregionaldigital.com.br\/wp-content\/uploads\/2020\/08\/fotoc-10-e1597889558491.jpg 960w, https:\/\/diarioregionaldigital.com.br\/wp-content\/uploads\/2020\/08\/fotoc-10-e1597889558491-300x229.jpg 300w, https:\/\/diarioregionaldigital.com.br\/wp-content\/uploads\/2020\/08\/fotoc-10-e1597889558491-768x587.jpg 768w, https:\/\/diarioregionaldigital.com.br\/wp-content\/uploads\/2020\/08\/fotoc-10-e1597889558491-360x275.jpg 360w\" sizes=\"auto, (max-width: 680px) 100vw, 680px\" \/><p id=\"caption-attachment-167209\" class=\"wp-caption-text\">Na linha de frente do combate a Covid-19, em JF o lindo e esfor\u00e7ado Gerente do Departamento de Auditoria Assistencial, Sydney Castro<\/p><\/div>\n<div id=\"attachment_167206\" style=\"width: 690px\" class=\"wp-caption aligncenter\"><img loading=\"lazy\" decoding=\"async\" aria-describedby=\"caption-attachment-167206\" class=\"wp-image-167206\" src=\"https:\/\/diarioregionaldigital.com.br\/wp-content\/uploads\/2020\/08\/fotoa-10-e1597892056296.jpg\" alt=\"\" width=\"680\" height=\"531\" srcset=\"https:\/\/diarioregionaldigital.com.br\/wp-content\/uploads\/2020\/08\/fotoa-10-e1597892056296.jpg 438w, https:\/\/diarioregionaldigital.com.br\/wp-content\/uploads\/2020\/08\/fotoa-10-e1597892056296-300x234.jpg 300w, https:\/\/diarioregionaldigital.com.br\/wp-content\/uploads\/2020\/08\/fotoa-10-e1597892056296-360x281.jpg 360w\" sizes=\"auto, (max-width: 680px) 100vw, 680px\" \/><p id=\"caption-attachment-167206\" class=\"wp-caption-text\">O cantor e programador da R\u00e1dio Premium FM Pablo Bressan e seu pai Domingo Zanguetta no \u201cUnidos Venceremos\u201d<\/p><\/div>\n<div id=\"attachment_167210\" style=\"width: 690px\" class=\"wp-caption aligncenter\"><img loading=\"lazy\" decoding=\"async\" aria-describedby=\"caption-attachment-167210\" class=\"wp-image-167210\" src=\"https:\/\/diarioregionaldigital.com.br\/wp-content\/uploads\/2020\/08\/fotod-10-e1597889614154.jpg\" alt=\"\" width=\"680\" height=\"498\" srcset=\"https:\/\/diarioregionaldigital.com.br\/wp-content\/uploads\/2020\/08\/fotod-10-e1597889614154.jpg 928w, https:\/\/diarioregionaldigital.com.br\/wp-content\/uploads\/2020\/08\/fotod-10-e1597889614154-300x220.jpg 300w, https:\/\/diarioregionaldigital.com.br\/wp-content\/uploads\/2020\/08\/fotod-10-e1597889614154-768x562.jpg 768w, https:\/\/diarioregionaldigital.com.br\/wp-content\/uploads\/2020\/08\/fotod-10-e1597889614154-360x263.jpg 360w\" sizes=\"auto, (max-width: 680px) 100vw, 680px\" \/><p id=\"caption-attachment-167210\" class=\"wp-caption-text\">A linda Bianca com seu pai fundador do Privil\u00e9ge Oct\u00e1vio Fagundes, em tom maior<\/p><\/div>\n<div id=\"attachment_167211\" style=\"width: 690px\" class=\"wp-caption aligncenter\"><img loading=\"lazy\" decoding=\"async\" aria-describedby=\"caption-attachment-167211\" class=\"wp-image-167211\" src=\"https:\/\/diarioregionaldigital.com.br\/wp-content\/uploads\/2020\/08\/fotoe-11-e1597889642817.jpg\" alt=\"\" width=\"680\" height=\"471\" srcset=\"https:\/\/diarioregionaldigital.com.br\/wp-content\/uploads\/2020\/08\/fotoe-11-e1597889642817.jpg 725w, https:\/\/diarioregionaldigital.com.br\/wp-content\/uploads\/2020\/08\/fotoe-11-e1597889642817-300x208.jpg 300w, https:\/\/diarioregionaldigital.com.br\/wp-content\/uploads\/2020\/08\/fotoe-11-e1597889642817-360x249.jpg 360w, https:\/\/diarioregionaldigital.com.br\/wp-content\/uploads\/2020\/08\/fotoe-11-e1597889642817-100x70.jpg 100w\" sizes=\"auto, (max-width: 680px) 100vw, 680px\" \/><p id=\"caption-attachment-167211\" class=\"wp-caption-text\">Os campe\u00f5es Edson H\u00e9lio Fofano e o filho l\u00edder comunit\u00e1rio Yuri F\u00f3fano, em destaque<\/p><\/div>\n<div id=\"attachment_167212\" style=\"width: 690px\" class=\"wp-caption aligncenter\"><img loading=\"lazy\" decoding=\"async\" aria-describedby=\"caption-attachment-167212\" class=\"wp-image-167212\" src=\"https:\/\/diarioregionaldigital.com.br\/wp-content\/uploads\/2020\/08\/fotof-9-e1597891832451.jpg\" alt=\"\" width=\"680\" height=\"479\" srcset=\"https:\/\/diarioregionaldigital.com.br\/wp-content\/uploads\/2020\/08\/fotof-9-e1597891832451.jpg 1429w, https:\/\/diarioregionaldigital.com.br\/wp-content\/uploads\/2020\/08\/fotof-9-e1597891832451-300x210.jpg 300w, https:\/\/diarioregionaldigital.com.br\/wp-content\/uploads\/2020\/08\/fotof-9-e1597891832451-1024x722.jpg 1024w, https:\/\/diarioregionaldigital.com.br\/wp-content\/uploads\/2020\/08\/fotof-9-e1597891832451-768x541.jpg 768w, https:\/\/diarioregionaldigital.com.br\/wp-content\/uploads\/2020\/08\/fotof-9-e1597891832451-360x254.jpg 360w, https:\/\/diarioregionaldigital.com.br\/wp-content\/uploads\/2020\/08\/fotof-9-e1597891832451-100x70.jpg 100w\" sizes=\"auto, (max-width: 680px) 100vw, 680px\" \/><p id=\"caption-attachment-167212\" class=\"wp-caption-text\">No Rio de Janeiro antes da pandemia \u201cpessoas espet\u00e1culo\u201d, Ava Sim\u00f5es e Harley Charnenck<\/p><\/div>\n<div id=\"attachment_167214\" style=\"width: 690px\" class=\"wp-caption aligncenter\"><img loading=\"lazy\" decoding=\"async\" aria-describedby=\"caption-attachment-167214\" class=\"wp-image-167214\" src=\"https:\/\/diarioregionaldigital.com.br\/wp-content\/uploads\/2020\/08\/fotoh-8-e1597891906116.jpg\" alt=\"\" width=\"680\" height=\"538\" srcset=\"https:\/\/diarioregionaldigital.com.br\/wp-content\/uploads\/2020\/08\/fotoh-8-e1597891906116.jpg 698w, https:\/\/diarioregionaldigital.com.br\/wp-content\/uploads\/2020\/08\/fotoh-8-e1597891906116-300x237.jpg 300w, https:\/\/diarioregionaldigital.com.br\/wp-content\/uploads\/2020\/08\/fotoh-8-e1597891906116-360x285.jpg 360w\" sizes=\"auto, (max-width: 680px) 100vw, 680px\" \/><p id=\"caption-attachment-167214\" class=\"wp-caption-text\">Visitando esta coluna social on-line, as internacionais: cantoras Bia Zuchi e a filha Ana Luiza Zuchi<\/p><\/div>\n<div id=\"attachment_167213\" style=\"width: 690px\" class=\"wp-caption aligncenter\"><img loading=\"lazy\" decoding=\"async\" aria-describedby=\"caption-attachment-167213\" class=\"wp-image-167213\" src=\"https:\/\/diarioregionaldigital.com.br\/wp-content\/uploads\/2020\/08\/fotog-9-e1597891865286.jpg\" alt=\"\" width=\"680\" height=\"484\" srcset=\"https:\/\/diarioregionaldigital.com.br\/wp-content\/uploads\/2020\/08\/fotog-9-e1597891865286.jpg 1812w, https:\/\/diarioregionaldigital.com.br\/wp-content\/uploads\/2020\/08\/fotog-9-e1597891865286-300x214.jpg 300w, https:\/\/diarioregionaldigital.com.br\/wp-content\/uploads\/2020\/08\/fotog-9-e1597891865286-1024x729.jpg 1024w, https:\/\/diarioregionaldigital.com.br\/wp-content\/uploads\/2020\/08\/fotog-9-e1597891865286-768x547.jpg 768w, https:\/\/diarioregionaldigital.com.br\/wp-content\/uploads\/2020\/08\/fotog-9-e1597891865286-1536x1094.jpg 1536w, https:\/\/diarioregionaldigital.com.br\/wp-content\/uploads\/2020\/08\/fotog-9-e1597891865286-360x256.jpg 360w, https:\/\/diarioregionaldigital.com.br\/wp-content\/uploads\/2020\/08\/fotog-9-e1597891865286-100x70.jpg 100w\" sizes=\"auto, (max-width: 680px) 100vw, 680px\" \/><p id=\"caption-attachment-167213\" class=\"wp-caption-text\">Diretor da Revista Panorama em foto para esta coluna Rafael Panorama e os queridos Andr\u00e9a Barros e Lu\u00eds Spada<\/p><\/div>\n<p style=\"text-align: center;\"><strong>FOTOSS\u00cdNTESE<\/strong><\/p>\n<p>Teve carreata em Juiz de Fora com ponto final na sede da Prefeitura, na Av. Brasil. Fora do processo de abertura, apesar de o Minas Consciente permitir, dirigentes de bares e restaurantes protestaram contra a decis\u00e3o do comit\u00ea Municipal de Enfrentamento a Covid-19, que manteve as restri\u00e7\u00f5es.<\/p>\n<p>O Forum Benjamin Colucci retomou o atendimento a advogados, procuradores e promotores. O expediente na comarca de Juiz de Fora \u00e9 de 11h as 17h, entretanto, os atendimentos devem ser previamente agendados por e-mail ou telefone.<\/p>\n<p>A cidade de Lima Duarte (MG) aderiu ao Minas Consciente e Ibitipoca poder\u00e1 reabrir hot\u00e9is e pousadas. Os comerciantes e prestadores de servi\u00e7o dever\u00e3o seguir regras para atendimento ao p\u00fablico.<\/p>\n<p>O \u00e1rbitro juiz-forano Paulo C\u00e9sar Zanovelli, estreou na S\u00e9rie B e apitou sua primeira partida na segunda divis\u00e3o nacional em duelo do Sampaio Corr\u00eaa com o Juventude.<\/p>\n<p>Super simp\u00e1tico e querido, Guilherme Duarte, vice-presidente da Associa\u00e7\u00e3o Comercial e Empresarial de Juiz de Fora, comemorou seus 40 anos ao lado da elegante mulher Renata Santos Mota Duarte.<\/p>\n<p>Correio Elegante: Abra\u00e7os carinhosos on-line para meus irm\u00e3os: Maria Rita, Ricardo, Jos\u00e9 Roberto, Paulo S\u00e9rgio, Mauro, M\u00e1rcio, Renato, Marc\u00edlio e Fernando.<\/p>\n<p>O jornalista Wendell Guiducci brilhou intensamente com seu texto \u201cA Cidade dos Cem Mil Mortos\u201d. Aplausos.<\/p>\n<p>Apag\u00e3o de dados na pandemia: temos que ficar alerta e n\u00e3o aceitar flexibiliza\u00e7\u00e3o sem evid\u00eancias ou com base em n\u00fameros desconhecidos. Bom dia.<\/p>\n<p><img loading=\"lazy\" decoding=\"async\" class=\"aligncenter size-full wp-image-167220\" src=\"https:\/\/diarioregionaldigital.com.br\/wp-content\/uploads\/2020\/08\/anuncio45-scaled.jpg\" alt=\"\" width=\"2560\" height=\"924\" srcset=\"https:\/\/diarioregionaldigital.com.br\/wp-content\/uploads\/2020\/08\/anuncio45-scaled.jpg 2560w, https:\/\/diarioregionaldigital.com.br\/wp-content\/uploads\/2020\/08\/anuncio45-300x108.jpg 300w, https:\/\/diarioregionaldigital.com.br\/wp-content\/uploads\/2020\/08\/anuncio45-1024x369.jpg 1024w, https:\/\/diarioregionaldigital.com.br\/wp-content\/uploads\/2020\/08\/anuncio45-768x277.jpg 768w, https:\/\/diarioregionaldigital.com.br\/wp-content\/uploads\/2020\/08\/anuncio45-1536x554.jpg 1536w, https:\/\/diarioregionaldigital.com.br\/wp-content\/uploads\/2020\/08\/anuncio45-2048x739.jpg 2048w, https:\/\/diarioregionaldigital.com.br\/wp-content\/uploads\/2020\/08\/anuncio45-360x130.jpg 360w\" sizes=\"auto, (max-width: 2560px) 100vw, 2560px\" \/><\/p>\n<p>&nbsp;<\/p>\n","protected":false},"excerpt":{"rendered":"<p>Retomada Apesar da abertura do setor produtivo, o Parque Estadual de Ibitipoca permanece fechado. Um curso sobre sanitiza\u00e7\u00e3o est\u00e1 em curso, e a Amai, agora, trabalha junto ao Sebrae para realizar capacita\u00e7\u00e3o com propriet\u00e1rios de bares e restaurantes locais sobre a adequa\u00e7\u00e3o dos estabelecimentos com as medidas sanit\u00e1rias previstas pelo Minas Consciente. Biblioteca Fundada em [&hellip;]<\/p>\n","protected":false},"author":96,"featured_media":167207,"comment_status":"closed","ping_status":"closed","sticky":false,"template":"","format":"standard","meta":{"footnotes":""},"categories":[264],"tags":[],"class_list":["post-167217","post","type-post","status-publish","format-standard","has-post-thumbnail","hentry","category-eduardo-gomes"],"_links":{"self":[{"href":"https:\/\/diarioregionaldigital.com.br\/index.php?rest_route=\/wp\/v2\/posts\/167217","targetHints":{"allow":["GET"]}}],"collection":[{"href":"https:\/\/diarioregionaldigital.com.br\/index.php?rest_route=\/wp\/v2\/posts"}],"about":[{"href":"https:\/\/diarioregionaldigital.com.br\/index.php?rest_route=\/wp\/v2\/types\/post"}],"author":[{"embeddable":true,"href":"https:\/\/diarioregionaldigital.com.br\/index.php?rest_route=\/wp\/v2\/users\/96"}],"replies":[{"embeddable":true,"href":"https:\/\/diarioregionaldigital.com.br\/index.php?rest_route=%2Fwp%2Fv2%2Fcomments&post=167217"}],"version-history":[{"count":0,"href":"https:\/\/diarioregionaldigital.com.br\/index.php?rest_route=\/wp\/v2\/posts\/167217\/revisions"}],"wp:featuredmedia":[{"embeddable":true,"href":"https:\/\/diarioregionaldigital.com.br\/index.php?rest_route=\/wp\/v2\/media\/167207"}],"wp:attachment":[{"href":"https:\/\/diarioregionaldigital.com.br\/index.php?rest_route=%2Fwp%2Fv2%2Fmedia&parent=167217"}],"wp:term":[{"taxonomy":"category","embeddable":true,"href":"https:\/\/diarioregionaldigital.com.br\/index.php?rest_route=%2Fwp%2Fv2%2Fcategories&post=167217"},{"taxonomy":"post_tag","embeddable":true,"href":"https:\/\/diarioregionaldigital.com.br\/index.php?rest_route=%2Fwp%2Fv2%2Ftags&post=167217"}],"curies":[{"name":"wp","href":"https:\/\/api.w.org\/{rel}","templated":true}]}}