{"id":167203,"date":"2020-08-19T20:02:26","date_gmt":"2020-08-19T23:02:26","guid":{"rendered":"https:\/\/diarioregionaldigital.com.br\/?p=167203"},"modified":"2020-08-19T20:02:26","modified_gmt":"2020-08-19T23:02:26","slug":"brasil-atinge-a-marca-de-110-mil-obitos-por-covid-19-informa-saude","status":"publish","type":"post","link":"https:\/\/diarioregionaldigital.com.br\/?p=167203","title":{"rendered":"Brasil atinge a marca de 110 mil \u00f3bitos por covid-19, informa Sa\u00fade"},"content":{"rendered":"<p>O Brasil atingiu a marca de 110 mil mortes por causa da pandemia do novo coronav\u00edrus. Com 1.212 novos registros nas \u00faltimas 24 horas, o total chegou a 111.100. Os dados foram divulgados na atualiza\u00e7\u00e3o do Minist\u00e9rio da Sa\u00fade (MS) hoje. Ontem, o painel do \u00f3rg\u00e3o marcava 109.888 v\u00edtimas fatais da doen\u00e7a. Ainda h\u00e1 3.173 mortes em investiga\u00e7\u00e3o.<img decoding=\"async\" src=\"https:\/\/agenciabrasil.ebc.com.br\/ebc.png?id=1314263&amp;o=node\" \/><img decoding=\"async\" src=\"https:\/\/agenciabrasil.ebc.com.br\/ebc.gif?id=1314263&amp;o=node\" \/><\/p>\n<p>O balan\u00e7o do MS tamb\u00e9m contabilizou 3.456.652 casos confirmados desde o in\u00edcio da pandemia. Entre ontem e hoje, foram notificados pelas secretarias de sa\u00fade 49.298 novas pessoas infectadas com o coronav\u00edrus. Ontem, o sistema do MS trazia 3.407.354 casos confirmados.<\/p>\n<p>As estat\u00edsticas s\u00e3o menores aos domingos e segundas-feiras em raz\u00e3o da dificuldade de alimenta\u00e7\u00e3o dos dados pelas secretarias de sa\u00fade aos fins de semana. J\u00e1 \u00e0s ter\u00e7as-feiras h\u00e1 tend\u00eancia de n\u00fameros maiores em fun\u00e7\u00e3o do ac\u00famulo de registros que s\u00e3o enviados ao sistema do Minist\u00e9rio da Sa\u00fade.<\/p>\n<p>A atualiza\u00e7\u00e3o do Minist\u00e9rio registrou ainda 730.298 pessoas em acompanhamento. Segundo o boletim divulgado pela pasta, 2.615.254 que j\u00e1 se recuperaram.<\/p>\n<p>Veja os dados do boletim:<\/p>\n<table class=\"dcf-table dcf-table-responsive dcf-table-bordered dcf-table-striped dcf-w-100%\">\n<tbody>\n<tr>\n<td class=\"rtecenter\"><strong>LETALIDADE<\/strong><br \/>\n(n\u00famero de mortes pelo total de casos)<\/td>\n<td class=\"rtecenter\"><strong>MORTALIDADE<\/strong><br \/>\n(quantidade de \u00f3bitos por habitantes)<\/td>\n<td class=\"rtecenter\"><strong>CASOS POR HABITANTES<\/strong><\/td>\n<\/tr>\n<tr>\n<td class=\"rtecenter\"><strong>3,2%<\/strong><\/td>\n<td class=\"rtecenter\"><strong>52,9 a cada 100 mil<\/strong><\/td>\n<td class=\"rtecenter\"><strong>1.644,9 a cada 100 mil<\/strong><\/td>\n<\/tr>\n<\/tbody>\n<\/table>\n<p><strong>Estados<\/strong><\/p>\n<p>Os estados com mais mortes s\u00e3o S\u00e3o Paulo (27.591), Rio de Janeiro (14.913), Cear\u00e1 (8.241), Pernambuco (7.280) e Par\u00e1 (6.015). As unidades da federa\u00e7\u00e3o com menos \u00f3bitos s\u00e3o Tocantins (536), Roraima (575), Acre (591), Amap\u00e1 (622) e Mato Grosso do Sul (668).<\/p>\n<p><strong>Compara\u00e7\u00e3o internacional<\/strong><\/p>\n<p>O Brasil segue na 2\u00aa coloca\u00e7\u00e3o no ranking de casos e mortes. A lideran\u00e7a \u00e9 dos Estados Unidos, que segundo o Boletim Epidemiol\u00f3gico da pasta, chegou a 5.313.080 pessoas infectadas e 168.446 mortes.<\/p>\n<p>J\u00e1 quando considerada a incid\u00eancia (casos por 1 milh\u00e3o de habitantes) e mortalidade (\u00f3bitos por 1 milh\u00e3o de habitantes) o Brasil fica na 8\u00aa posi\u00e7\u00e3o, com \u00edndices de, respectivamente, 2.722 e 98. O pa\u00eds subiu um posto na lista de pa\u00edses por mortalidade em rela\u00e7\u00e3o \u00e0 semana passada, quando ocupava a 9\u00aa coloca\u00e7\u00e3o.<\/p>\n<p><strong>Fonte:\u00a0<\/strong>Ag\u00eancia Brasil<\/p>\n","protected":false},"excerpt":{"rendered":"<p>O Brasil atingiu a marca de 110 mil mortes por causa da pandemia do novo coronav\u00edrus. Com 1.212 novos registros nas \u00faltimas 24 horas, o total chegou a 111.100. Os dados foram divulgados na atualiza\u00e7\u00e3o do Minist\u00e9rio da Sa\u00fade (MS) hoje. Ontem, o painel do \u00f3rg\u00e3o marcava 109.888 v\u00edtimas fatais da doen\u00e7a. Ainda h\u00e1 3.173 [&hellip;]<\/p>\n","protected":false},"author":96,"featured_media":167204,"comment_status":"closed","ping_status":"closed","sticky":false,"template":"","format":"standard","meta":{"footnotes":""},"categories":[302,436,440,439],"tags":[],"class_list":["post-167203","post","type-post","status-publish","format-standard","has-post-thumbnail","hentry","category-brasil-mundo","category-destaque-da-semana","category-destaques-do-dia","category-ultima-hora"],"_links":{"self":[{"href":"https:\/\/diarioregionaldigital.com.br\/index.php?rest_route=\/wp\/v2\/posts\/167203","targetHints":{"allow":["GET"]}}],"collection":[{"href":"https:\/\/diarioregionaldigital.com.br\/index.php?rest_route=\/wp\/v2\/posts"}],"about":[{"href":"https:\/\/diarioregionaldigital.com.br\/index.php?rest_route=\/wp\/v2\/types\/post"}],"author":[{"embeddable":true,"href":"https:\/\/diarioregionaldigital.com.br\/index.php?rest_route=\/wp\/v2\/users\/96"}],"replies":[{"embeddable":true,"href":"https:\/\/diarioregionaldigital.com.br\/index.php?rest_route=%2Fwp%2Fv2%2Fcomments&post=167203"}],"version-history":[{"count":0,"href":"https:\/\/diarioregionaldigital.com.br\/index.php?rest_route=\/wp\/v2\/posts\/167203\/revisions"}],"wp:featuredmedia":[{"embeddable":true,"href":"https:\/\/diarioregionaldigital.com.br\/index.php?rest_route=\/wp\/v2\/media\/167204"}],"wp:attachment":[{"href":"https:\/\/diarioregionaldigital.com.br\/index.php?rest_route=%2Fwp%2Fv2%2Fmedia&parent=167203"}],"wp:term":[{"taxonomy":"category","embeddable":true,"href":"https:\/\/diarioregionaldigital.com.br\/index.php?rest_route=%2Fwp%2Fv2%2Fcategories&post=167203"},{"taxonomy":"post_tag","embeddable":true,"href":"https:\/\/diarioregionaldigital.com.br\/index.php?rest_route=%2Fwp%2Fv2%2Ftags&post=167203"}],"curies":[{"name":"wp","href":"https:\/\/api.w.org\/{rel}","templated":true}]}}