{"id":167200,"date":"2020-08-19T18:32:17","date_gmt":"2020-08-19T21:32:17","guid":{"rendered":"https:\/\/diarioregionaldigital.com.br\/?p=167200"},"modified":"2020-08-19T18:32:17","modified_gmt":"2020-08-19T21:32:17","slug":"minas-consciente-tera-protocolo-para-academias-de-ginastica-e-agencias-de-turismo-na-onda-amarela","status":"publish","type":"post","link":"https:\/\/diarioregionaldigital.com.br\/?p=167200","title":{"rendered":"Minas Consciente ter\u00e1 protocolo para academias de gin\u00e1stica e ag\u00eancias de turismo na Onda Amarela"},"content":{"rendered":"<p>As academias de gin\u00e1stica ter\u00e3o protocolos de reabertura na Onda Amarela do\u00a0<a href=\"https:\/\/www.mg.gov.br\/minasconsciente\" target=\"_blank\" rel=\"noopener noreferrer\">plano Minas Consciente<\/a>, criado pelo governo estadual para garantir a retomada segura das atividades econ\u00f4micas. Inicialmente, a previs\u00e3o era que esses estabelecimentos s\u00f3 entrassem em funcionamento na Onda Verde, quando est\u00e3o liberadas atividades n\u00e3o essenciais com alto risco de cont\u00e1gio.<\/p>\n<p>A flexibiliza\u00e7\u00e3o foi deliberada nessa ter\u00e7a-feira (18\/8) pelo Comit\u00ea Executivo, que analisou o cen\u00e1rio atual da pandemia e identificou a possibilidade de antecipar a reabertura do setor. Mesmo assim, o funcionamento completo desses estabelecimentos s\u00f3 ser\u00e1 permitido na Onda Verde e os protocolos da Onda Amarela ser\u00e3o mais restritivos.<\/p>\n<p>O governador Romeu Zema destacou que a decis\u00e3o considerou, principalmente, a sa\u00fade dos mineiros e que as regras de higiene e distanciamento ser\u00e3o criteriosas.<\/p>\n<p>\u201cO nosso Comit\u00ea, juntamente com a\u00a0<a href=\"https:\/\/www.saude.mg.gov.br\/\" target=\"_blank\" rel=\"noopener noreferrer\">Secretaria de Sa\u00fade<\/a>, est\u00e1 definindo protocolos para a reabertura gradual, e com muito crit\u00e9rio, das academias de gin\u00e1stica. O protocolo vai exigir, por exemplo, distanciamento m\u00ednimo entre os frequentadores, agendamento para garantir que n\u00e3o haja lota\u00e7\u00e3o superior \u00e0quela considerada segura, e tamb\u00e9m higieniza\u00e7\u00e3o bem r\u00edgida dos equipamentos, para evitar a transmiss\u00e3o por meio das superf\u00edcies\u201d, afirmou.<\/p>\n<p><img decoding=\"async\" src=\"http:\/\/www.agenciaminas.mg.gov.br\/ckeditor_assets\/pictures\/9133\/content_whatsapp_image_2020-08-19_at_17_50_13.jpeg\" \/><\/p>\n<p><strong>Economia<\/strong><\/p>\n<p>Ele lembrou ainda que 20% das academias do Brasil est\u00e3o em Minas Gerais, o que aponta para a relev\u00e2ncia econ\u00f4mica do setor.<\/p>\n<p>\u201cS\u00e3o 7 mil unidades em todo o estado, sendo que 800 delas est\u00e3o em BH. Ent\u00e3o, consideramos uma boa not\u00edcia essa possibilidade de reabertura segura. Mas vale lembrar que ainda n\u00e3o podemos baixar a guarda. Toda medida de seguran\u00e7a se faz necess\u00e1ria: o uso de m\u00e1scara, o distanciamento, a higieniza\u00e7\u00e3o. N\u00e3o vencemos a guerra, temos muitas batalhas pela frente. Conto com a postura zelosa do povo mineiro, que possibilitou que tiv\u00e9ssemos, hoje, a menor taxa de \u00f3bitos do Brasil\u201d, disse.<\/p>\n<p><strong>Ag\u00eancias de viagem<\/strong><\/p>\n<p>Outra mudan\u00e7a deliberada pelo Comit\u00ea Executivo foi a transfer\u00eancia tamb\u00e9m das ag\u00eancias de viagem da Onda Verde para a Onda Amarela do plano. O grupo considerou que a atividade n\u00e3o tem risco de grandes aglomera\u00e7\u00f5es, al\u00e9m de serem importantes para garantir viagens de neg\u00f3cios e o fortalecimento de outras cadeias produtivas, como aeroportos, hot\u00e9is e pousadas.<\/p>\n<p>O governador Romeu Zema tamb\u00e9m avaliou que a abertura das ag\u00eancias permitir\u00e1 que as pessoas programem viagens futuras.<\/p>\n<p>\u201cMuitas pessoas j\u00e1 pretendem programar seus passeios, para quando eles forem poss\u00edveis, e, por isso, as ag\u00eancias s\u00e3o t\u00e3o importantes. Al\u00e9m de serem grandes geradoras de emprego\u201d, explicou, lembrando ainda que j\u00e1 \u00e9 poss\u00edvel a venda on-line de pacotes.<\/p>\n<p>As mudan\u00e7as definidas passam a valer a partir do pr\u00f3ximo s\u00e1bado (22\/8), ap\u00f3s a publica\u00e7\u00e3o no Di\u00e1rio Oficial.<\/p>\n<p><strong>Fonte:\u00a0<\/strong>Ag\u00eancia Minas<\/p>\n","protected":false},"excerpt":{"rendered":"<p>As academias de gin\u00e1stica ter\u00e3o protocolos de reabertura na Onda Amarela do\u00a0plano Minas Consciente, criado pelo governo estadual para garantir a retomada segura das atividades econ\u00f4micas. Inicialmente, a previs\u00e3o era que esses estabelecimentos s\u00f3 entrassem em funcionamento na Onda Verde, quando est\u00e3o liberadas atividades n\u00e3o essenciais com alto risco de cont\u00e1gio. A flexibiliza\u00e7\u00e3o foi deliberada [&hellip;]<\/p>\n","protected":false},"author":96,"featured_media":167201,"comment_status":"closed","ping_status":"closed","sticky":false,"template":"","format":"standard","meta":{"footnotes":""},"categories":[436,252,439],"tags":[],"class_list":["post-167200","post","type-post","status-publish","format-standard","has-post-thumbnail","hentry","category-destaque-da-semana","category-regiao","category-ultima-hora"],"_links":{"self":[{"href":"https:\/\/diarioregionaldigital.com.br\/index.php?rest_route=\/wp\/v2\/posts\/167200","targetHints":{"allow":["GET"]}}],"collection":[{"href":"https:\/\/diarioregionaldigital.com.br\/index.php?rest_route=\/wp\/v2\/posts"}],"about":[{"href":"https:\/\/diarioregionaldigital.com.br\/index.php?rest_route=\/wp\/v2\/types\/post"}],"author":[{"embeddable":true,"href":"https:\/\/diarioregionaldigital.com.br\/index.php?rest_route=\/wp\/v2\/users\/96"}],"replies":[{"embeddable":true,"href":"https:\/\/diarioregionaldigital.com.br\/index.php?rest_route=%2Fwp%2Fv2%2Fcomments&post=167200"}],"version-history":[{"count":0,"href":"https:\/\/diarioregionaldigital.com.br\/index.php?rest_route=\/wp\/v2\/posts\/167200\/revisions"}],"wp:featuredmedia":[{"embeddable":true,"href":"https:\/\/diarioregionaldigital.com.br\/index.php?rest_route=\/wp\/v2\/media\/167201"}],"wp:attachment":[{"href":"https:\/\/diarioregionaldigital.com.br\/index.php?rest_route=%2Fwp%2Fv2%2Fmedia&parent=167200"}],"wp:term":[{"taxonomy":"category","embeddable":true,"href":"https:\/\/diarioregionaldigital.com.br\/index.php?rest_route=%2Fwp%2Fv2%2Fcategories&post=167200"},{"taxonomy":"post_tag","embeddable":true,"href":"https:\/\/diarioregionaldigital.com.br\/index.php?rest_route=%2Fwp%2Fv2%2Ftags&post=167200"}],"curies":[{"name":"wp","href":"https:\/\/api.w.org\/{rel}","templated":true}]}}