{"id":167197,"date":"2020-08-19T17:46:03","date_gmt":"2020-08-19T20:46:03","guid":{"rendered":"https:\/\/diarioregionaldigital.com.br\/?p=167197"},"modified":"2020-08-20T13:36:48","modified_gmt":"2020-08-20T16:36:48","slug":"juiz-de-fora-tem-mais-54-novos-casos-de-coronavirus-em-24h","status":"publish","type":"post","link":"https:\/\/diarioregionaldigital.com.br\/?p=167197","title":{"rendered":"Juiz de Fora tem mais 54 novos casos de Coronav\u00edrus em 24h"},"content":{"rendered":"<p><span style=\"font-weight: 400;\">A Secretaria de Sa\u00fade (SS) da Prefeitura de Juiz de Fora (PJF), divulgou nessa quarta-feira (19), o novo boletim epidemiol\u00f3gico e confirma aumento de mais 54 novos casos por Coronav\u00edrus, em 24h no munic\u00edpio, totalizando 4.306. Segundo o levantamento, foram registradas mais duas mortes pela doen\u00e7a, contabilizando 143.\u00a0<\/span><\/p>\n<p><span style=\"font-weight: 400;\">Uma das v\u00edtimas \u00e9 uma idosa de 62 anos e morreu na segunda-feira (17). Ela tinha Doen\u00e7a Cardiovascular Cr\u00f4nica (DCC) e pneumopatia cr\u00f4nica como comorbidades. A segunda v\u00edtima \u00e9 idosa de 90 anos e veio a \u00f3bito nessa quarta-feira (19). Ela apresentava como comorbidades Doen\u00e7a Cardiovascular Cr\u00f4nica (DCC) e Doen\u00e7a Neurol\u00f3gica Cr\u00f4nica (DNC) e imunodefici\u00eancia. Al\u00e9m disso, mais 206 novas suspeitas foram registrados, contabilizando 15.577.\u00a0<\/span><\/p>\n<p><b>Leitos\u00a0<\/b><\/p>\n<p><span style=\"font-weight: 400;\">Segundo informa\u00e7\u00f5es da PJF, os leitos de enfermaria est\u00e3o com 63,68% de ocupa\u00e7\u00e3o. J\u00e1 os os leitos de UTI e SUS, est\u00e3o com taxa de 65,96% e 68,85% respectivamente.<\/span><\/p>\n<p><b>Isolamento social<\/b><\/p>\n<p><span style=\"font-weight: 400;\">Conforme os dados divulgados pela Prefeitura, o munic\u00edpio apresenta taxa de isolamento social em 49,45%, cuja m\u00e9dia \u00e9 dos \u00faltimos sete dias. O valor est\u00e1 um pouco acima da taxa registrada em Minas Gerais, que \u00e9 de 49,11%.<\/span><\/p>\n<p><b>Casos e \u00f3bitos confirmados<\/b><\/p>\n<p><span style=\"font-weight: 400;\">Na compara\u00e7\u00e3o com outras cidades do estado, Juiz de Fora \u00e9 o sexto munic\u00edpio com maior n\u00famero de casos confirmados. Na primeira posi\u00e7\u00e3o aparece Belo Horizonte com 29.273, Uberl\u00e2ndia em segundo com 16.632, Ipatinga em terceiro com 6.775, Contagem em quarto com 6.090 e Governador Valadares em sexto com 5.349, estes s\u00e3o os munic\u00edpios que apresentam mais casos confirmados em compara\u00e7\u00e3o com Juiz de Fora.<\/span><\/p>\n<p><span style=\"font-weight: 400;\">J\u00e1 na quest\u00e3o das mortes confirmadas, o munic\u00edpio \u00e9 o sexto nesse quesito. Belo Horizonte lidera com 838 \u00f3bitos, Uberl\u00e2ndia \u00e9 o segundo com 318, Contagem em quarto com 243, Governador Valadares tem 181 e Betim \u00e9 o quinto com 141 mortes.<\/span><\/p>\n","protected":false},"excerpt":{"rendered":"<p>A Secretaria de Sa\u00fade (SS) da Prefeitura de Juiz de Fora (PJF), divulgou nessa quarta-feira (19), o novo boletim epidemiol\u00f3gico e confirma aumento de mais 54 novos casos por Coronav\u00edrus, em 24h no munic\u00edpio, totalizando 4.306. Segundo o levantamento, foram registradas mais duas mortes pela doen\u00e7a, contabilizando 143.\u00a0 Uma das v\u00edtimas \u00e9 uma idosa de [&hellip;]<\/p>\n","protected":false},"author":96,"featured_media":167198,"comment_status":"closed","ping_status":"closed","sticky":false,"template":"","format":"standard","meta":{"footnotes":""},"categories":[253,436,440,439],"tags":[],"class_list":["post-167197","post","type-post","status-publish","format-standard","has-post-thumbnail","hentry","category-cidade","category-destaque-da-semana","category-destaques-do-dia","category-ultima-hora"],"_links":{"self":[{"href":"https:\/\/diarioregionaldigital.com.br\/index.php?rest_route=\/wp\/v2\/posts\/167197","targetHints":{"allow":["GET"]}}],"collection":[{"href":"https:\/\/diarioregionaldigital.com.br\/index.php?rest_route=\/wp\/v2\/posts"}],"about":[{"href":"https:\/\/diarioregionaldigital.com.br\/index.php?rest_route=\/wp\/v2\/types\/post"}],"author":[{"embeddable":true,"href":"https:\/\/diarioregionaldigital.com.br\/index.php?rest_route=\/wp\/v2\/users\/96"}],"replies":[{"embeddable":true,"href":"https:\/\/diarioregionaldigital.com.br\/index.php?rest_route=%2Fwp%2Fv2%2Fcomments&post=167197"}],"version-history":[{"count":0,"href":"https:\/\/diarioregionaldigital.com.br\/index.php?rest_route=\/wp\/v2\/posts\/167197\/revisions"}],"wp:featuredmedia":[{"embeddable":true,"href":"https:\/\/diarioregionaldigital.com.br\/index.php?rest_route=\/wp\/v2\/media\/167198"}],"wp:attachment":[{"href":"https:\/\/diarioregionaldigital.com.br\/index.php?rest_route=%2Fwp%2Fv2%2Fmedia&parent=167197"}],"wp:term":[{"taxonomy":"category","embeddable":true,"href":"https:\/\/diarioregionaldigital.com.br\/index.php?rest_route=%2Fwp%2Fv2%2Fcategories&post=167197"},{"taxonomy":"post_tag","embeddable":true,"href":"https:\/\/diarioregionaldigital.com.br\/index.php?rest_route=%2Fwp%2Fv2%2Ftags&post=167197"}],"curies":[{"name":"wp","href":"https:\/\/api.w.org\/{rel}","templated":true}]}}