{"id":167194,"date":"2020-08-19T17:16:05","date_gmt":"2020-08-19T20:16:05","guid":{"rendered":"https:\/\/diarioregionaldigital.com.br\/?p=167194"},"modified":"2020-08-19T17:16:05","modified_gmt":"2020-08-19T20:16:05","slug":"funcionarios-de-transporte-coletivo-continuam-em-greve-pelo-segundo-dia-consecutivo","status":"publish","type":"post","link":"https:\/\/diarioregionaldigital.com.br\/?p=167194","title":{"rendered":"Funcion\u00e1rios de transporte coletivo continuam em greve pelo segundo dia consecutivo"},"content":{"rendered":"<p><span style=\"font-weight: 400;\">Pelo segundo dia consecutivo, os funcion\u00e1rios do transporte coletivo de Juiz de Fora, seguem com suas atividades paralisadas nessa quarta-feira (19). O motivo da greve \u00e9 decorrente da redu\u00e7\u00e3o das cestas b\u00e1sicas e tamb\u00e9m do corte de 50% dos sal\u00e1rios, al\u00e9m do n\u00e3o pagamento do m\u00eas de julho.<\/span><\/p>\n<p><span style=\"font-weight: 400;\">Assim como ocorreu na ter\u00e7a-feira (18), n\u00e3o houve nenhum \u00f4nibus coletivo circulando pela cidade, tal medida vai contra a determina\u00e7\u00e3o imposta pelo Minist\u00e9rio P\u00fablico de Minas Gerais (MPMG), na qual prev\u00ea circula\u00e7\u00e3o de 30% dos \u00f4nibus durante a greve.<\/span><\/p>\n<p><span style=\"font-weight: 400;\">Diante da situa\u00e7\u00e3o, a Prefeitura de Juiz de Fora (PJF) autorizou \u00e0s vans escolares de transportarem passageiros, no mesmo valor da tarifa de \u00f4nibus, R$ 3,75. Ao todo, cerca de 260 ve\u00edculos estiveram em circula\u00e7\u00e3o no munic\u00edpio.<\/span><\/p>\n<p><span style=\"font-weight: 400;\"> A Associa\u00e7\u00e3o Profissional das Empresas de Transporte de Passageiros de Juiz de Fora (Astransp) informa que entrou com pedido judicial de diss\u00eddio coletivo, para buscar uma solu\u00e7\u00e3o para o caso. O protocolo ser\u00e1 avaliado pelo Tribunal Regional do Trabalho da 3\u00aa Regi\u00e3o (TRT).<\/span><\/p>\n<p><span style=\"font-weight: 400;\">Al\u00e9m disso, a Astransp diz que trabalha em busca de todas as solu\u00e7\u00f5es administrativas e judiciais cab\u00edveis, a fim de garantir o pleno funcionamento do transporte coletivo do munic\u00edpio.<\/span><\/p>\n","protected":false},"excerpt":{"rendered":"<p>Pelo segundo dia consecutivo, os funcion\u00e1rios do transporte coletivo de Juiz de Fora, seguem com suas atividades paralisadas nessa quarta-feira (19). O motivo da greve \u00e9 decorrente da redu\u00e7\u00e3o das cestas b\u00e1sicas e tamb\u00e9m do corte de 50% dos sal\u00e1rios, al\u00e9m do n\u00e3o pagamento do m\u00eas de julho. Assim como ocorreu na ter\u00e7a-feira (18), n\u00e3o [&hellip;]<\/p>\n","protected":false},"author":96,"featured_media":167195,"comment_status":"closed","ping_status":"closed","sticky":false,"template":"","format":"standard","meta":{"footnotes":""},"categories":[253,436,440,439],"tags":[],"class_list":["post-167194","post","type-post","status-publish","format-standard","has-post-thumbnail","hentry","category-cidade","category-destaque-da-semana","category-destaques-do-dia","category-ultima-hora"],"_links":{"self":[{"href":"https:\/\/diarioregionaldigital.com.br\/index.php?rest_route=\/wp\/v2\/posts\/167194","targetHints":{"allow":["GET"]}}],"collection":[{"href":"https:\/\/diarioregionaldigital.com.br\/index.php?rest_route=\/wp\/v2\/posts"}],"about":[{"href":"https:\/\/diarioregionaldigital.com.br\/index.php?rest_route=\/wp\/v2\/types\/post"}],"author":[{"embeddable":true,"href":"https:\/\/diarioregionaldigital.com.br\/index.php?rest_route=\/wp\/v2\/users\/96"}],"replies":[{"embeddable":true,"href":"https:\/\/diarioregionaldigital.com.br\/index.php?rest_route=%2Fwp%2Fv2%2Fcomments&post=167194"}],"version-history":[{"count":0,"href":"https:\/\/diarioregionaldigital.com.br\/index.php?rest_route=\/wp\/v2\/posts\/167194\/revisions"}],"wp:featuredmedia":[{"embeddable":true,"href":"https:\/\/diarioregionaldigital.com.br\/index.php?rest_route=\/wp\/v2\/media\/167195"}],"wp:attachment":[{"href":"https:\/\/diarioregionaldigital.com.br\/index.php?rest_route=%2Fwp%2Fv2%2Fmedia&parent=167194"}],"wp:term":[{"taxonomy":"category","embeddable":true,"href":"https:\/\/diarioregionaldigital.com.br\/index.php?rest_route=%2Fwp%2Fv2%2Fcategories&post=167194"},{"taxonomy":"post_tag","embeddable":true,"href":"https:\/\/diarioregionaldigital.com.br\/index.php?rest_route=%2Fwp%2Fv2%2Ftags&post=167194"}],"curies":[{"name":"wp","href":"https:\/\/api.w.org\/{rel}","templated":true}]}}