{"id":167191,"date":"2020-08-19T16:49:50","date_gmt":"2020-08-19T19:49:50","guid":{"rendered":"https:\/\/diarioregionaldigital.com.br\/?p=167191"},"modified":"2020-08-19T16:49:50","modified_gmt":"2020-08-19T19:49:50","slug":"policia-civil-identifica-abatedouro-clandestino-na-zona-da-mata","status":"publish","type":"post","link":"https:\/\/diarioregionaldigital.com.br\/?p=167191","title":{"rendered":"Pol\u00edcia Civil identifica abatedouro clandestino na Zona da Mata"},"content":{"rendered":"<p>Carca\u00e7as de equinos encontradas em valas de uma fazenda, na \u00e1rea rural da cidade de Guarani, na Zona da Mata. Este foi o resultado da a\u00e7\u00e3o deflagrada pela Pol\u00edcia Civil de Minas Gerais (PCMG), na manh\u00e3 dessa ter\u00e7a-feira (18), na propriedade onde a equipe policial cumpriu mandado de busca e apreens\u00e3o.<\/p>\n<p>No local, a PCMG identificou que a propriedade estaria sendo utilizada para o abate ilegal de equinos, su\u00ednos e bovinos. Foi averiguado, ainda, que a carne supostamente seria vendida para a\u00e7ougues da regi\u00e3o.<\/p>\n<p>Ap\u00f3s aumento significativo de furtos de animais e den\u00fancias de abatedouros ilegais na regi\u00e3o, a Delegacia Especializada em Investiga\u00e7\u00e3o e Repress\u00e3o a Crimes Rurais, vinculada ao Departamento Estadual de Investiga\u00e7\u00e3o de Crimes Contra o Patrim\u00f4nio (Depatri), intensificou as investiga\u00e7\u00f5es na \u00e1rea.<\/p>\n<p>Ap\u00f3s levantamentos, os policiais identificaram uma fazenda na regi\u00e3o com frequente abate clandestino de animais. Diante dos fatos, na ter\u00e7a-feira (18), com apoio da Pol\u00edcia Militar de Meio Ambiente e o Instituto Mineiro de Agropecu\u00e1ria (IMA), a PCMG cumpriu mandado de busca e apreens\u00e3o no local.<\/p>\n<p>Na fazenda foram encontradas valas com v\u00e1rias carca\u00e7as de equinos. \u201cAs carca\u00e7as apresentavam v\u00e1rios est\u00e1gios de decomposi\u00e7\u00e3o, evidenciando que a pr\u00e1tica deste crime \u00e9 recorrente na fazenda\u201d, salientou o Delegado respons\u00e1vel pelo caso, Jos\u00e9 Luiz Quint\u00e3o.<\/p>\n<p>O local onde as carnes eram acondicionadas apresentavam p\u00e9ssima condi\u00e7\u00f5es de higiene e foi interditado pelo IMA. As investiga\u00e7\u00f5es apontam tamb\u00e9m que a carne de equino estaria sendo comercializada como se fossem de bovinos. Ainda est\u00e1 sob apura\u00e7\u00e3o se os propriet\u00e1rios dos a\u00e7ougues que comercializavam a carne tinham ci\u00eancia da proced\u00eancia dela ou se tamb\u00e9m eram v\u00edtimas. \u201cOs suspeitos poder\u00e3o responder por crimes de maus tratos de animais, falta de licenciamento ambiental, furto e roubo de animais e polui\u00e7\u00e3o ambiental\u201d, informou Quint\u00e3o.<\/p>\n<p>O dono da fazenda n\u00e3o estava no local no momento da busca e ainda n\u00e3o foi localizado. As investiga\u00e7\u00f5es continuam para identificar e prender todos os envolvidos.<\/p>\n<p><strong>Fonte:\u00a0<\/strong>Assessoria<\/p>\n","protected":false},"excerpt":{"rendered":"<p>Carca\u00e7as de equinos encontradas em valas de uma fazenda, na \u00e1rea rural da cidade de Guarani, na Zona da Mata. Este foi o resultado da a\u00e7\u00e3o deflagrada pela Pol\u00edcia Civil de Minas Gerais (PCMG), na manh\u00e3 dessa ter\u00e7a-feira (18), na propriedade onde a equipe policial cumpriu mandado de busca e apreens\u00e3o. No local, a PCMG [&hellip;]<\/p>\n","protected":false},"author":96,"featured_media":167192,"comment_status":"closed","ping_status":"closed","sticky":false,"template":"","format":"standard","meta":{"footnotes":""},"categories":[301,436,439],"tags":[],"class_list":["post-167191","post","type-post","status-publish","format-standard","has-post-thumbnail","hentry","category-artigos-policiais","category-destaque-da-semana","category-ultima-hora"],"_links":{"self":[{"href":"https:\/\/diarioregionaldigital.com.br\/index.php?rest_route=\/wp\/v2\/posts\/167191","targetHints":{"allow":["GET"]}}],"collection":[{"href":"https:\/\/diarioregionaldigital.com.br\/index.php?rest_route=\/wp\/v2\/posts"}],"about":[{"href":"https:\/\/diarioregionaldigital.com.br\/index.php?rest_route=\/wp\/v2\/types\/post"}],"author":[{"embeddable":true,"href":"https:\/\/diarioregionaldigital.com.br\/index.php?rest_route=\/wp\/v2\/users\/96"}],"replies":[{"embeddable":true,"href":"https:\/\/diarioregionaldigital.com.br\/index.php?rest_route=%2Fwp%2Fv2%2Fcomments&post=167191"}],"version-history":[{"count":0,"href":"https:\/\/diarioregionaldigital.com.br\/index.php?rest_route=\/wp\/v2\/posts\/167191\/revisions"}],"wp:featuredmedia":[{"embeddable":true,"href":"https:\/\/diarioregionaldigital.com.br\/index.php?rest_route=\/wp\/v2\/media\/167192"}],"wp:attachment":[{"href":"https:\/\/diarioregionaldigital.com.br\/index.php?rest_route=%2Fwp%2Fv2%2Fmedia&parent=167191"}],"wp:term":[{"taxonomy":"category","embeddable":true,"href":"https:\/\/diarioregionaldigital.com.br\/index.php?rest_route=%2Fwp%2Fv2%2Fcategories&post=167191"},{"taxonomy":"post_tag","embeddable":true,"href":"https:\/\/diarioregionaldigital.com.br\/index.php?rest_route=%2Fwp%2Fv2%2Ftags&post=167191"}],"curies":[{"name":"wp","href":"https:\/\/api.w.org\/{rel}","templated":true}]}}