{"id":167188,"date":"2020-08-19T16:48:24","date_gmt":"2020-08-19T19:48:24","guid":{"rendered":"https:\/\/diarioregionaldigital.com.br\/?p=167188"},"modified":"2020-08-19T16:48:24","modified_gmt":"2020-08-19T19:48:24","slug":"policia-civil-deflagra-acao-contra-fake-news-em-muriae","status":"publish","type":"post","link":"https:\/\/diarioregionaldigital.com.br\/?p=167188","title":{"rendered":"Pol\u00edcia Civil deflagra a\u00e7\u00e3o contra fake news em Muria\u00e9"},"content":{"rendered":"<p><span style=\"font-weight: 400;\">Na ter\u00e7a-feira (18), a Pol\u00edcia Civil de Minas Gerais deflagrou uma a\u00e7\u00e3o, no munic\u00edpio de Muria\u00e9, que resultou no cumprimento de dilig\u00eancias na resid\u00eancia de um homem, suspeito de criar um perfil falso em uma rede social e de ofender a reputa\u00e7\u00e3o de pessoas ligadas ao meio pol\u00edtico da cidade.<\/span><\/p>\n<p><span style=\"font-weight: 400;\">Segundo o Delegado Tayrony Esp\u00edndola, autoridade policial que preside o inqu\u00e9rito, investiga\u00e7\u00f5es apontam que ele teria criado uma conta falsa em uma plataforma de relacionamento e postado uma s\u00e9rie de mensagens, inclusive, de cunho sexual, contra uma v\u00edtima, um pol\u00edtico da cidade. \u201cA apura\u00e7\u00e3o teve in\u00edcio h\u00e1 cerca de dois meses, quando o ofendido procurou a Delegacia, noticiando os epis\u00f3dios constrangedores por que passou\u201d, explicou.<\/span><\/p>\n<p><span style=\"font-weight: 400;\">Para o Delegado, a a\u00e7\u00e3o do suspeito teria car\u00e1ter difamat\u00f3rio, buscando se valer de um suposto anonimato. \u201cAs pessoas precisam entender que n\u00e3o adianta buscarem se esconder na web para agredir terceiros. A Pol\u00edcia Civil hoje det\u00e9m expertise e instrumentos capazes de identificar esses transgressores, que ter\u00e3o que responder pelos seus atos na Justi\u00e7a, de frente para aqueles que ofenderam. A cr\u00edtica e a oposi\u00e7\u00e3o de ideias s\u00e3o sempre bem-vindas, mas, se houver excesso e agress\u00e3o \u00e0 reputa\u00e7\u00e3o e \u00e0 dignidade das pessoas, o an\u00f4nimo vai ter que aparecer e prestar contas de seus atos\u201d, finalizou.<\/span><\/p>\n<p><strong>Fonte:\u00a0<\/strong>Assessoria<\/p>\n","protected":false},"excerpt":{"rendered":"<p>Na ter\u00e7a-feira (18), a Pol\u00edcia Civil de Minas Gerais deflagrou uma a\u00e7\u00e3o, no munic\u00edpio de Muria\u00e9, que resultou no cumprimento de dilig\u00eancias na resid\u00eancia de um homem, suspeito de criar um perfil falso em uma rede social e de ofender a reputa\u00e7\u00e3o de pessoas ligadas ao meio pol\u00edtico da cidade. Segundo o Delegado Tayrony Esp\u00edndola, [&hellip;]<\/p>\n","protected":false},"author":96,"featured_media":167189,"comment_status":"closed","ping_status":"closed","sticky":false,"template":"","format":"standard","meta":{"footnotes":""},"categories":[436,252,439],"tags":[],"class_list":["post-167188","post","type-post","status-publish","format-standard","has-post-thumbnail","hentry","category-destaque-da-semana","category-regiao","category-ultima-hora"],"_links":{"self":[{"href":"https:\/\/diarioregionaldigital.com.br\/index.php?rest_route=\/wp\/v2\/posts\/167188","targetHints":{"allow":["GET"]}}],"collection":[{"href":"https:\/\/diarioregionaldigital.com.br\/index.php?rest_route=\/wp\/v2\/posts"}],"about":[{"href":"https:\/\/diarioregionaldigital.com.br\/index.php?rest_route=\/wp\/v2\/types\/post"}],"author":[{"embeddable":true,"href":"https:\/\/diarioregionaldigital.com.br\/index.php?rest_route=\/wp\/v2\/users\/96"}],"replies":[{"embeddable":true,"href":"https:\/\/diarioregionaldigital.com.br\/index.php?rest_route=%2Fwp%2Fv2%2Fcomments&post=167188"}],"version-history":[{"count":0,"href":"https:\/\/diarioregionaldigital.com.br\/index.php?rest_route=\/wp\/v2\/posts\/167188\/revisions"}],"wp:featuredmedia":[{"embeddable":true,"href":"https:\/\/diarioregionaldigital.com.br\/index.php?rest_route=\/wp\/v2\/media\/167189"}],"wp:attachment":[{"href":"https:\/\/diarioregionaldigital.com.br\/index.php?rest_route=%2Fwp%2Fv2%2Fmedia&parent=167188"}],"wp:term":[{"taxonomy":"category","embeddable":true,"href":"https:\/\/diarioregionaldigital.com.br\/index.php?rest_route=%2Fwp%2Fv2%2Fcategories&post=167188"},{"taxonomy":"post_tag","embeddable":true,"href":"https:\/\/diarioregionaldigital.com.br\/index.php?rest_route=%2Fwp%2Fv2%2Ftags&post=167188"}],"curies":[{"name":"wp","href":"https:\/\/api.w.org\/{rel}","templated":true}]}}