{"id":167185,"date":"2020-08-19T16:12:56","date_gmt":"2020-08-19T19:12:56","guid":{"rendered":"https:\/\/diarioregionaldigital.com.br\/?p=167185"},"modified":"2020-08-19T16:12:56","modified_gmt":"2020-08-19T19:12:56","slug":"ensino-remoto-emergencial-da-ufjf-tera-seu-inicio-no-dia-21-de-setembro","status":"publish","type":"post","link":"https:\/\/diarioregionaldigital.com.br\/?p=167185","title":{"rendered":"Ensino remoto emergencial da UFJF ter\u00e1 seu in\u00edcio no dia 21 de setembro"},"content":{"rendered":"<p><span style=\"font-weight: 400;\">O Conselho Setorial de Gradua\u00e7\u00e3o (Congrad) da Universidade Federal de Juiz de Fora (UFJF), confirmou na ter\u00e7a-feira (18), que as aulas do ensino remoto emergencial, ter\u00e3o seu in\u00edcio programado para o dia 21 de setembro.\u00a0<\/span><\/p>\n<p><span style=\"font-weight: 400;\">Anteriormente, a Administra\u00e7\u00e3o Superior havia feito uma previs\u00e3o para que as aulas come\u00e7assem no dia 8 do mesmo m\u00eas, uma vez que a UFJF j\u00e1 teria condi\u00e7\u00e3o de oferecer o ensino remoto emergencial e que as plataformas digitais j\u00e1 estariam bem preparadas, bem como as capacita\u00e7\u00f5es. Entretanto, os representantes dos segmentos estudantis e docentes do conselho da institui\u00e7\u00e3o, fizeram uma ampla discuss\u00e3o sobre o cronograma e a maioria optou por come\u00e7ar as aulas no dia 21. A vota\u00e7\u00e3o foi feita tanto no campus-sede quanto do campus avan\u00e7ado de Governador Valadares.<\/span><\/p>\n<p><span style=\"font-weight: 400;\">De acordo com a Resolu\u00e7\u00e3o n\u00b0 33\/2020 do Conselho Superior (Consu) da UFJF, a realiza\u00e7\u00e3o do m\u00e9todo de ensino nos cursos de gradua\u00e7\u00e3o da institui\u00e7\u00e3o, em car\u00e1ter excepcional, seguem as orienta\u00e7\u00f5es de prote\u00e7\u00e3o \u00e0 sa\u00fade no contexto da pandemia de Covid-19.<\/span><\/p>\n<p>&nbsp;<\/p>\n","protected":false},"excerpt":{"rendered":"<p>O Conselho Setorial de Gradua\u00e7\u00e3o (Congrad) da Universidade Federal de Juiz de Fora (UFJF), confirmou na ter\u00e7a-feira (18), que as aulas do ensino remoto emergencial, ter\u00e3o seu in\u00edcio programado para o dia 21 de setembro.\u00a0 Anteriormente, a Administra\u00e7\u00e3o Superior havia feito uma previs\u00e3o para que as aulas come\u00e7assem no dia 8 do mesmo m\u00eas, uma [&hellip;]<\/p>\n","protected":false},"author":96,"featured_media":167186,"comment_status":"closed","ping_status":"closed","sticky":false,"template":"","format":"standard","meta":{"footnotes":""},"categories":[253,436,440,439],"tags":[],"class_list":["post-167185","post","type-post","status-publish","format-standard","has-post-thumbnail","hentry","category-cidade","category-destaque-da-semana","category-destaques-do-dia","category-ultima-hora"],"_links":{"self":[{"href":"https:\/\/diarioregionaldigital.com.br\/index.php?rest_route=\/wp\/v2\/posts\/167185","targetHints":{"allow":["GET"]}}],"collection":[{"href":"https:\/\/diarioregionaldigital.com.br\/index.php?rest_route=\/wp\/v2\/posts"}],"about":[{"href":"https:\/\/diarioregionaldigital.com.br\/index.php?rest_route=\/wp\/v2\/types\/post"}],"author":[{"embeddable":true,"href":"https:\/\/diarioregionaldigital.com.br\/index.php?rest_route=\/wp\/v2\/users\/96"}],"replies":[{"embeddable":true,"href":"https:\/\/diarioregionaldigital.com.br\/index.php?rest_route=%2Fwp%2Fv2%2Fcomments&post=167185"}],"version-history":[{"count":0,"href":"https:\/\/diarioregionaldigital.com.br\/index.php?rest_route=\/wp\/v2\/posts\/167185\/revisions"}],"wp:featuredmedia":[{"embeddable":true,"href":"https:\/\/diarioregionaldigital.com.br\/index.php?rest_route=\/wp\/v2\/media\/167186"}],"wp:attachment":[{"href":"https:\/\/diarioregionaldigital.com.br\/index.php?rest_route=%2Fwp%2Fv2%2Fmedia&parent=167185"}],"wp:term":[{"taxonomy":"category","embeddable":true,"href":"https:\/\/diarioregionaldigital.com.br\/index.php?rest_route=%2Fwp%2Fv2%2Fcategories&post=167185"},{"taxonomy":"post_tag","embeddable":true,"href":"https:\/\/diarioregionaldigital.com.br\/index.php?rest_route=%2Fwp%2Fv2%2Ftags&post=167185"}],"curies":[{"name":"wp","href":"https:\/\/api.w.org\/{rel}","templated":true}]}}