{"id":167182,"date":"2020-08-19T16:03:35","date_gmt":"2020-08-19T19:03:35","guid":{"rendered":"https:\/\/diarioregionaldigital.com.br\/?p=167182"},"modified":"2020-08-19T16:03:35","modified_gmt":"2020-08-19T19:03:35","slug":"pcmg-soluciona-caso-de-roubo-ocorrido-no-campus-da-ufjf","status":"publish","type":"post","link":"https:\/\/diarioregionaldigital.com.br\/?p=167182","title":{"rendered":"PCMG soluciona caso de roubo ocorrido no campus da UFJF"},"content":{"rendered":"<p><span style=\"font-weight: 400;\">A Pol\u00edcia Civil de Minas Gerais (PCMG), solucionou um caso referente a roubo, cometido por dois adolescentes de 15 e 17 anos, na ter\u00e7a-feira (18) no Campus da Universidade Federal de Juiz de Fora (UFJF). Menos de quatro horas ap\u00f3s cometerem o crime, os menores infratores foram encontrados no Bairro Dom Bosco (Regi\u00e3o Central).A opera\u00e7\u00e3o resultou na recupera\u00e7\u00e3o de <\/span><span style=\"font-weight: 400;\">dois celulares e uma c\u00e2mera fotogr\u00e1fica.<\/span><\/p>\n<p><span style=\"font-weight: 400;\">Segundo informa\u00e7\u00f5es da PCMG, <\/span><span style=\"font-weight: 400;\">a investiga\u00e7\u00e3o tamb\u00e9m apontou a participa\u00e7\u00e3o de um terceiro suspeito, de 18 anos, que ser\u00e1 indiciado pelos crimes de roubo majorado e de corrup\u00e7\u00e3o de menores.\u00a0<\/span><\/p>\n<p><span style=\"font-weight: 400;\">Conforme informa\u00e7\u00f5es do titular da Delegacia Especializada de Repress\u00e3o a Roubos (DERR), Delegado Carlos Eduardo Rodrigues, outro adolescente tamb\u00e9m chegou a ser conduzido pela Pol\u00edcia Militar at\u00e9 a unidade policial por suspeita de dar cobertura aos envolvidos:<\/span><\/p>\n<p><span style=\"font-weight: 400;\">\u201cO crime aconteceu na manh\u00e3 de ter\u00e7a, quando um grupo de quatro jovens estava tirando fotos no campus da UFJF. Na ocasi\u00e3o, eles foram surpreendidos por tr\u00eas indiv\u00edduos que, usando de for\u00e7a f\u00edsica, roubaram dois celulares e uma c\u00e2mera semiprofissional das v\u00edtimas. Posteriormente, a Pol\u00edcia Militar (PM), realizou buscas no bairro Dom Bosco e apreendeu um adolescente. Ap\u00f3s assumir a ocorr\u00eancia, os policiais civis da Delegacia Especializada de Repress\u00e3o a Roubos realizaram uma s\u00e9rie de dilig\u00eancias e identificaram tr\u00eas autores, entre eles, dois adolescentes e um jovem de 18 anos\u201d, explicou.<\/span><\/p>\n<p><span style=\"font-weight: 400;\">A autoridade policial explica tamb\u00e9m que com apoio de policiais civis da 1\u00aa Delegacia Regional de Juiz de Fora, foi feita uma grande opera\u00e7\u00e3o pelo Bairro Dom Bosco, que resultou na pris\u00e3o dos envolvidos, bem como na recupera\u00e7\u00e3o dos objetos roubados:<\/span><\/p>\n<p><span style=\"font-weight: 400;\">\u201cO jovem de 18 anos n\u00e3o foi localizado na a\u00e7\u00e3o, mas ser\u00e1 indiciado pelos crimes de roubo majorado e de corrup\u00e7\u00e3o de menores. Somadas, as penas podem chegar a 18 anos de pris\u00e3o\u201d, informou, destacando a ousadia dos envolvidos. &#8220;O local dos fatos \u00e9 monitorado por c\u00e2meras de vigil\u00e2ncia e possui vigilantes que atuam na prote\u00e7\u00e3o do interior da institui\u00e7\u00e3o e, mesmo assim, esses indiv\u00edduos decidiram realizar o roubo&#8221;, disse, complementando que investiga\u00e7\u00f5es se encontram em andamento para apurar a participa\u00e7\u00e3o deles na pr\u00e1tica de ato infracionais e de delitos ocorridos na regi\u00e3o.<\/span><\/p>\n<p><span style=\"font-weight: 400;\">Para concluir, o Delegado faz um alerta \u00e0 popula\u00e7\u00e3o sobre uso de aparelhos eletr\u00f4nicos em via p\u00fablica:<\/span><\/p>\n<p><span style=\"font-weight: 400;\">&#8220;\u00c9 importante que as pessoas fiquem atentas ao fazer uso de aparelhos eletr\u00f4nicos e de outros objetos de valor em via p\u00fablica, para n\u00e3o chamar a aten\u00e7\u00e3o de criminosos. Muitos roubos ocorrem, pois o autor acaba percebendo uma facilidade para cometer o crime&#8221;, finaliza.<\/span><\/p>\n","protected":false},"excerpt":{"rendered":"<p>A Pol\u00edcia Civil de Minas Gerais (PCMG), solucionou um caso referente a roubo, cometido por dois adolescentes de 15 e 17 anos, na ter\u00e7a-feira (18) no Campus da Universidade Federal de Juiz de Fora (UFJF). Menos de quatro horas ap\u00f3s cometerem o crime, os menores infratores foram encontrados no Bairro Dom Bosco (Regi\u00e3o Central).A opera\u00e7\u00e3o [&hellip;]<\/p>\n","protected":false},"author":96,"featured_media":167183,"comment_status":"closed","ping_status":"closed","sticky":false,"template":"","format":"standard","meta":{"footnotes":""},"categories":[301,436,439],"tags":[],"class_list":["post-167182","post","type-post","status-publish","format-standard","has-post-thumbnail","hentry","category-artigos-policiais","category-destaque-da-semana","category-ultima-hora"],"_links":{"self":[{"href":"https:\/\/diarioregionaldigital.com.br\/index.php?rest_route=\/wp\/v2\/posts\/167182","targetHints":{"allow":["GET"]}}],"collection":[{"href":"https:\/\/diarioregionaldigital.com.br\/index.php?rest_route=\/wp\/v2\/posts"}],"about":[{"href":"https:\/\/diarioregionaldigital.com.br\/index.php?rest_route=\/wp\/v2\/types\/post"}],"author":[{"embeddable":true,"href":"https:\/\/diarioregionaldigital.com.br\/index.php?rest_route=\/wp\/v2\/users\/96"}],"replies":[{"embeddable":true,"href":"https:\/\/diarioregionaldigital.com.br\/index.php?rest_route=%2Fwp%2Fv2%2Fcomments&post=167182"}],"version-history":[{"count":0,"href":"https:\/\/diarioregionaldigital.com.br\/index.php?rest_route=\/wp\/v2\/posts\/167182\/revisions"}],"wp:featuredmedia":[{"embeddable":true,"href":"https:\/\/diarioregionaldigital.com.br\/index.php?rest_route=\/wp\/v2\/media\/167183"}],"wp:attachment":[{"href":"https:\/\/diarioregionaldigital.com.br\/index.php?rest_route=%2Fwp%2Fv2%2Fmedia&parent=167182"}],"wp:term":[{"taxonomy":"category","embeddable":true,"href":"https:\/\/diarioregionaldigital.com.br\/index.php?rest_route=%2Fwp%2Fv2%2Fcategories&post=167182"},{"taxonomy":"post_tag","embeddable":true,"href":"https:\/\/diarioregionaldigital.com.br\/index.php?rest_route=%2Fwp%2Fv2%2Ftags&post=167182"}],"curies":[{"name":"wp","href":"https:\/\/api.w.org\/{rel}","templated":true}]}}