{"id":167176,"date":"2020-08-19T15:35:22","date_gmt":"2020-08-19T18:35:22","guid":{"rendered":"https:\/\/diarioregionaldigital.com.br\/?p=167176"},"modified":"2020-08-19T15:35:22","modified_gmt":"2020-08-19T18:35:22","slug":"jovem-tem-carro-roubado-durante-assalto-na-regiao-sudeste","status":"publish","type":"post","link":"https:\/\/diarioregionaldigital.com.br\/?p=167176","title":{"rendered":"Jovem tem carro roubado durante assalto na Regi\u00e3o Sudeste"},"content":{"rendered":"<p>Na madrugada desta quarta-feira (19), uma jovem de 28 anos, estava dentro de seu carro conversando com uma amiga por videoconfer\u00eancia, quando em um determinado momento foi abordada por um homem com posse de arma de fogo e mandou a v\u00edtima sair do ve\u00edculo. Logo em seguida surgiu um outro indiv\u00edduo entrando pelo banco do carona e ambos fugiram do local. O caso ocorreu no Bairro de Lourdes (Regi\u00e3o Sudeste).<\/p>\n<p>A Pol\u00edcia Militar (PM) foi acionada e ap\u00f3s buscas nas imedia\u00e7\u00f5es, encontraram um indiv\u00edduo <span style=\"font-weight: 400;\">onde apontava o \u00faltimo local do celular, e com o mesmo foi encontrada a carteira e o celular da v\u00edtima. Instantes depois, a guarni\u00e7\u00e3o <\/span>localizou o referido ve\u00edculo no Bairro S\u00e3o Benedito. Instantes depois a viatura foi efetuar manobra para abordagem, entretanto o motorista do autom\u00f3vel fugiu e n\u00e3o foi capturado. No entanto, o carona foi preso em flagrante. Ap\u00f3s buscas no ve\u00edculo, foi encontrada <span style=\"font-weight: 400;\">uma ponta de mangueira de lava-jato, com silhueta semelhante a uma arma, que foi reconhecida pela vitima como objeto usado para intimidar. Diante dos fatos, os autores foram presos em flagrante.<\/span><\/p>\n","protected":false},"excerpt":{"rendered":"<p>Na madrugada desta quarta-feira (19), uma jovem de 28 anos, estava dentro de seu carro conversando com uma amiga por videoconfer\u00eancia, quando em um determinado momento foi abordada por um homem com posse de arma de fogo e mandou a v\u00edtima sair do ve\u00edculo. Logo em seguida surgiu um outro indiv\u00edduo entrando pelo banco do [&hellip;]<\/p>\n","protected":false},"author":96,"featured_media":167177,"comment_status":"closed","ping_status":"closed","sticky":false,"template":"","format":"standard","meta":{"footnotes":""},"categories":[301,436,439],"tags":[],"class_list":["post-167176","post","type-post","status-publish","format-standard","has-post-thumbnail","hentry","category-artigos-policiais","category-destaque-da-semana","category-ultima-hora"],"_links":{"self":[{"href":"https:\/\/diarioregionaldigital.com.br\/index.php?rest_route=\/wp\/v2\/posts\/167176","targetHints":{"allow":["GET"]}}],"collection":[{"href":"https:\/\/diarioregionaldigital.com.br\/index.php?rest_route=\/wp\/v2\/posts"}],"about":[{"href":"https:\/\/diarioregionaldigital.com.br\/index.php?rest_route=\/wp\/v2\/types\/post"}],"author":[{"embeddable":true,"href":"https:\/\/diarioregionaldigital.com.br\/index.php?rest_route=\/wp\/v2\/users\/96"}],"replies":[{"embeddable":true,"href":"https:\/\/diarioregionaldigital.com.br\/index.php?rest_route=%2Fwp%2Fv2%2Fcomments&post=167176"}],"version-history":[{"count":0,"href":"https:\/\/diarioregionaldigital.com.br\/index.php?rest_route=\/wp\/v2\/posts\/167176\/revisions"}],"wp:featuredmedia":[{"embeddable":true,"href":"https:\/\/diarioregionaldigital.com.br\/index.php?rest_route=\/wp\/v2\/media\/167177"}],"wp:attachment":[{"href":"https:\/\/diarioregionaldigital.com.br\/index.php?rest_route=%2Fwp%2Fv2%2Fmedia&parent=167176"}],"wp:term":[{"taxonomy":"category","embeddable":true,"href":"https:\/\/diarioregionaldigital.com.br\/index.php?rest_route=%2Fwp%2Fv2%2Fcategories&post=167176"},{"taxonomy":"post_tag","embeddable":true,"href":"https:\/\/diarioregionaldigital.com.br\/index.php?rest_route=%2Fwp%2Fv2%2Ftags&post=167176"}],"curies":[{"name":"wp","href":"https:\/\/api.w.org\/{rel}","templated":true}]}}