{"id":167171,"date":"2020-08-19T15:20:00","date_gmt":"2020-08-19T18:20:00","guid":{"rendered":"https:\/\/diarioregionaldigital.com.br\/?p=167171"},"modified":"2020-08-19T15:23:09","modified_gmt":"2020-08-19T18:23:09","slug":"pm-prende-dois-autores-por-trafico-de-drogas-no-bairro-bandeirantes","status":"publish","type":"post","link":"https:\/\/diarioregionaldigital.com.br\/?p=167171","title":{"rendered":"PM prende dois autores por tr\u00e1fico de drogas no Bairro Bandeirantes"},"content":{"rendered":"<p>A Pol\u00edcia Militar (PM), realizava um patrulhamento pelo Bairro Bandeirantes (Regi\u00e3o Nordeste), quando recebeu informa\u00e7\u00f5es sobre dois indiv\u00edduos de 16 e 21 anos respectivamente, que estariam realizando tr\u00e1fico de drogas em um ponto de \u00f4nibus no local. Instantes depois a guarni\u00e7\u00e3o avistou os dois suspeitos e ao notarem a presen\u00e7a policial, dispensaram 3 buchas de maconha ao solo, entretanto foram abordados e submetidos a busca pessoal, por\u00e9m nada il\u00edcito fora encontrado.<\/p>\n<p>Dando prosseguimento \u00e0s dilig\u00eancias, os policiais foram at\u00e9 \u00e0 resid\u00eancia de um dos autores e ap\u00f3s buscas foram localizados duas barras de maconha, uma garrucha calibre 22, uma muni\u00e7\u00e3o do mesmo calibre, dois celulares, um rolo de papel filme para embalar drogas e um p\u00e9 de maconha. Diante dos fatos, os autores foram presos em flagrante e conduzidos para a Delegacia, junto com os materiais apreendidos.<\/p>\n","protected":false},"excerpt":{"rendered":"<p>A Pol\u00edcia Militar (PM), realizava um patrulhamento pelo Bairro Bandeirantes (Regi\u00e3o Nordeste), quando recebeu informa\u00e7\u00f5es sobre dois indiv\u00edduos de 16 e 21 anos respectivamente, que estariam realizando tr\u00e1fico de drogas em um ponto de \u00f4nibus no local. Instantes depois a guarni\u00e7\u00e3o avistou os dois suspeitos e ao notarem a presen\u00e7a policial, dispensaram 3 buchas de [&hellip;]<\/p>\n","protected":false},"author":96,"featured_media":167172,"comment_status":"closed","ping_status":"closed","sticky":false,"template":"","format":"standard","meta":{"footnotes":""},"categories":[301,436,439],"tags":[],"class_list":["post-167171","post","type-post","status-publish","format-standard","has-post-thumbnail","hentry","category-artigos-policiais","category-destaque-da-semana","category-ultima-hora"],"_links":{"self":[{"href":"https:\/\/diarioregionaldigital.com.br\/index.php?rest_route=\/wp\/v2\/posts\/167171","targetHints":{"allow":["GET"]}}],"collection":[{"href":"https:\/\/diarioregionaldigital.com.br\/index.php?rest_route=\/wp\/v2\/posts"}],"about":[{"href":"https:\/\/diarioregionaldigital.com.br\/index.php?rest_route=\/wp\/v2\/types\/post"}],"author":[{"embeddable":true,"href":"https:\/\/diarioregionaldigital.com.br\/index.php?rest_route=\/wp\/v2\/users\/96"}],"replies":[{"embeddable":true,"href":"https:\/\/diarioregionaldigital.com.br\/index.php?rest_route=%2Fwp%2Fv2%2Fcomments&post=167171"}],"version-history":[{"count":0,"href":"https:\/\/diarioregionaldigital.com.br\/index.php?rest_route=\/wp\/v2\/posts\/167171\/revisions"}],"wp:featuredmedia":[{"embeddable":true,"href":"https:\/\/diarioregionaldigital.com.br\/index.php?rest_route=\/wp\/v2\/media\/167172"}],"wp:attachment":[{"href":"https:\/\/diarioregionaldigital.com.br\/index.php?rest_route=%2Fwp%2Fv2%2Fmedia&parent=167171"}],"wp:term":[{"taxonomy":"category","embeddable":true,"href":"https:\/\/diarioregionaldigital.com.br\/index.php?rest_route=%2Fwp%2Fv2%2Fcategories&post=167171"},{"taxonomy":"post_tag","embeddable":true,"href":"https:\/\/diarioregionaldigital.com.br\/index.php?rest_route=%2Fwp%2Fv2%2Ftags&post=167171"}],"curies":[{"name":"wp","href":"https:\/\/api.w.org\/{rel}","templated":true}]}}